{"id":47455,"date":"2025-09-17T17:48:21","date_gmt":"2025-09-17T17:48:21","guid":{"rendered":"https:\/\/becolve.com\/blog\/ifs-ultimo-n-o-1-em-eam-segundo-a-gartner-pelo-terceiro-ano-consecutivo\/"},"modified":"2025-09-17T17:48:21","modified_gmt":"2025-09-17T17:48:21","slug":"ifs-ultimo-n-o-1-em-eam-segundo-a-gartner-pelo-terceiro-ano-consecutivo","status":"publish","type":"blog","link":"https:\/\/becolve.com\/pt-pt\/blog\/ifs-ultimo-n-o-1-em-eam-segundo-a-gartner-pelo-terceiro-ano-consecutivo\/","title":{"rendered":"IFS Ultimo, n.\u00ba 1 em EAM segundo a Gartner\u00ae pelo terceiro ano consecutivo"},"content":{"rendered":"<p>A IFS obteve a <strong>primeira posi\u00e7\u00e3o no relat\u00f3rio Gartner\u00ae Market Share:<\/strong> All Software Markets, Worldwide, 2023. Pelo terceiro ano consecutivo, a Gartner atribuiu \u00e0 IFS a classifica\u00e7\u00e3o mais alta na quota de mercado de Gest\u00e3o de Ativos Empresariais (EAM). <\/p>\n<p>Vantagens como a boa experi\u00eancia do utilizador, as funcionalidades avan\u00e7adas e a facilidade de implementa\u00e7\u00e3o do IFS Ultimo s\u00e3o as que a levaram a ser, de novo, a op\u00e7\u00e3o mais escolhida entre o total de solu\u00e7\u00f5es de gest\u00e3o de ativos. Em concreto, conta com uma <strong>participa\u00e7\u00e3o de mercado de 20,3%, receitas de 452 milh\u00f5es de d\u00f3lares e um crescimento interanual de 36,4%<\/strong> entre 2022 e 2023. <\/p>\n<p><img loading=\"lazy\" decoding=\"async\" class=\"contenida aligncenter wp-image-30857 size-full\" src=\"https:\/\/becolve.com\/wp-content\/uploads\/2024\/05\/ifs-ultimo-1-gartner.webp\" width=\"930\" height=\"423\" srcset=\"https:\/\/becolve.com\/wp-content\/uploads\/2024\/05\/ifs-ultimo-1-gartner.webp 930w, https:\/\/becolve.com\/wp-content\/uploads\/2024\/05\/ifs-ultimo-1-gartner-480x218.webp 480w\" sizes=\"(min-width: 0px) and (max-width: 480px) 480px, (min-width: 481px) 930px, 100vw\" \/><\/p>\n<p>Ap\u00f3s receber o galard\u00e3o durante tr\u00eas anos seguidos, Kevin Price, chefe global de Gest\u00e3o de Ativos Empresariais na IFS, destacou que n\u00e3o se tratava de uma mera casualidade. &#8220;A nossa terceira classifica\u00e7\u00e3o consecutiva como n.\u00ba 1 em EAM pela Gartner \u00e9 uma clara evid\u00eancia de que estamos a fazer as coisas bem: ouvindo constantemente os nossos clientes e proporcionando-lhes valor\u201d, sublinhou Price. <\/p>\n<h2>IFS Ultimo, a solu\u00e7\u00e3o EAM com melhor ROI<\/h2>\n<p>O IFS Ultimo combina funcionalidades avan\u00e7adas de gest\u00e3o de manuten\u00e7\u00e3o, de <strong>HSE<\/strong> (sa\u00fade, seguran\u00e7a e meio ambiente) e uma suite de opera\u00e7\u00f5es num ambiente totalmente integrado. Al\u00e9m disso, disp\u00f5e de <strong>solu\u00e7\u00f5es espec\u00edficas prontas a usar<\/strong> para ind\u00fastrias como F&amp;B, Qu\u00edmica ou Pharma; Infraestruturas e Log\u00edstica. <\/p>\n<p>Pensada para organiza\u00e7\u00f5es que gerem tanto ativos industriais como de frotas, o IFS Ultimo oferece funcionalidades completas para planear, monitorizar, otimizar e executar atividades de manuten\u00e7\u00e3o e automatizar fluxos de trabalho.<\/p>\n<p>Com uma alta flexibilidade, representa um investimento estrat\u00e9gico capaz de oferecer um ROI significativo atrav\u00e9s da otimiza\u00e7\u00e3o de manuten\u00e7\u00e3o e opera\u00e7\u00f5es, redu\u00e7\u00e3o de riscos e custos operacionais, al\u00e9m da melhoria da conformidade, aumento da satisfa\u00e7\u00e3o do cliente e provis\u00e3o de dados valiosos para a tomada de decis\u00f5es. Al\u00e9m disso, ajuda a alcan\u00e7ar os objetivos de sustentabilidade das empresas. <\/p>\n\t<div class=\"shortcode-cta-con-enlace \">\n\t\t<div class=\"shortcode-cta-con-enlace-inner\">\n\t\t\t<div class=\"shortcode-cta-con-enlace-izquierda\">\n\t\t\t\t<i class=\"fa-light fa-message-smile\"><\/i>\n\t\t\t<\/div>\n\t\t\t<div class=\"shortcode-cta-con-enlace-derecha\">\n\t\t\t\t<div class=\"shortcode-cta-con-enlace__titulo\">\n\t\t\t\t\t\u00bfQuieres comprobar lo que te ahorras con IFS Ultimo?\t\t\t\t<\/div>\n\t\t\t\t<div class=\"shortcode-cta-con-enlace__texto\">\n\t\t\t\t\t<p>ROI, Time to Value, Retorno de la inversi\u00f3n\u2026 ll\u00e1malo como quieras, porque nosotros te demostramos que con IFS Ultimo s\u00ed se le puede llamar todo eso.<\/p>\n\t\t\t\t<\/div>\n\t\t\t\t\t\t\t\t\t<div class=\"shortcode-cta-con-enlace__boton\">\n\t\t\t\t\t\t<a href=\"https:\/\/becolve.com\/contacto\/\" target=\"_blank\">\n\t\t\t\t\t\t<div class=\"shortcode-cta-con-enlace__boton-inner\">\n\t\t\t\t\t\t\t<div class=\"shortcode-cta-con-enlace__boton-icono-blank\">\n\t\t\t\t\t\t\t<\/div>\n\t\t\t\t\t\t\t<div class=\"shortcode-cta-con-enlace__boton-titulo\">\n\t\t\t\t\t\t\t\tDescubre con nosotros tu ROI\t\t\t\t\t\t\t<\/div>\n\t\t\t\t\t\t\t<div class=\"shortcode-cta-con-enlace__boton-icono\">\n\t\t\t\t\t\t\t\t<i class=\"fa-solid fa-circle-arrow-right\"><\/i>\n\t\t\t\t\t\t\t<\/div>\n\t\t\t\t\t\t<\/div>\n\t\t\t\t\t\t<\/a>\n\t\t\t\t\t<\/div>\n\t\t\t\t\t\t\t<\/div>\n\t\t<\/div>\n\t<\/div>\n\n\n","protected":false},"excerpt":{"rendered":"<p>A IFS obt\u00e9m a classifica\u00e7\u00e3o mais alta no relat\u00f3rio Gartner\u00ae Market Share pela sua participa\u00e7\u00e3o no mercado EAM  <\/p>\n","protected":false},"author":38,"featured_media":30860,"menu_order":0,"template":"","categories":[964,958,966],"tags":[],"arquitectura":[1846],"area":[187,186],"sector":[],"experto":[],"weborigen":[],"productos-tax":[109],"soluciones-tax":[967],"marcas-tax":[395],"coauthors":[425],"class_list":["post-47455","blog","type-blog","status-publish","has-post-thumbnail","hentry","category-eficiencia-operacional","category-evolucao-digital","category-manutencao-de-ativos","arquitectura-manutencao-avancada","area-industrial-pt-pt","area-infraestruturas","productos-tax-ultimo","soluciones-tax-ultimo-pt-pt","marcas-tax-ultimo"],"acf":[],"yoast_head":"<!-- This site is optimized with the Yoast SEO plugin v28.3 - https:\/\/yoast.com\/product\/yoast-seo-wordpress\/ -->\n<title>IFS Ultimo, n.\u00ba 1 em EAM segundo a Gartner\u00ae pelo terceiro ano consecutivo Becolve Digital<\/title>\n<meta name=\"description\" content=\"A IFS obt\u00e9m a classifica\u00e7\u00e3o mais alta no relat\u00f3rio Gartner\u00ae Market Share pela sua participa\u00e7\u00e3o no mercado EAM\" \/>\n<meta name=\"robots\" content=\"index, follow, max-snippet:-1, max-image-preview:large, max-video-preview:-1\" \/>\n<link rel=\"canonical\" href=\"https:\/\/becolve.com\/pt-pt\/blog\/ifs-ultimo-n-o-1-em-eam-segundo-a-gartner-pelo-terceiro-ano-consecutivo\/\" \/>\n<meta property=\"og:locale\" content=\"pt_PT\" \/>\n<meta property=\"og:type\" content=\"article\" \/>\n<meta property=\"og:title\" content=\"IFS Ultimo, n.\u00ba 1 em EAM segundo a Gartner\u00ae pelo terceiro ano consecutivo Becolve Digital\" \/>\n<meta property=\"og:description\" content=\"A IFS obt\u00e9m a classifica\u00e7\u00e3o mais alta no relat\u00f3rio Gartner\u00ae Market Share pela sua participa\u00e7\u00e3o no mercado EAM\" \/>\n<meta property=\"og:url\" content=\"https:\/\/becolve.com\/pt-pt\/blog\/ifs-ultimo-n-o-1-em-eam-segundo-a-gartner-pelo-terceiro-ano-consecutivo\/\" \/>\n<meta property=\"og:site_name\" content=\"Becolve Digital\" \/>\n<meta property=\"og:image\" content=\"https:\/\/becolve.com\/wp-content\/uploads\/2024\/05\/ifs-ultimo-gartner-infirme-primero.jpg\" \/>\n<meta name=\"twitter:card\" content=\"summary_large_image\" \/>\n<meta name=\"twitter:image\" content=\"https:\/\/becolve.com\/wp-content\/uploads\/2024\/05\/ifs-ultimo-gartner-infirme-primero.jpg\" \/>\n<meta name=\"twitter:site\" content=\"@Logitek_es\" \/>\n<meta name=\"twitter:label1\" content=\"Tempo estimado de leitura\" \/>\n\t<meta name=\"twitter:data1\" content=\"2 minutos\" \/>\n\t<meta name=\"twitter:label2\" content=\"Written by\" \/>\n\t<meta name=\"twitter:data2\" content=\"Iria Di\u00e9guez\" \/>\n<script type=\"application\/ld+json\" class=\"yoast-schema-graph\">{\"@context\":\"https:\\\/\\\/schema.org\",\"@graph\":[{\"@type\":\"WebPage\",\"@id\":\"https:\\\/\\\/becolve.com\\\/pt-pt\\\/blog\\\/ifs-ultimo-n-o-1-em-eam-segundo-a-gartner-pelo-terceiro-ano-consecutivo\\\/\",\"url\":\"https:\\\/\\\/becolve.com\\\/pt-pt\\\/blog\\\/ifs-ultimo-n-o-1-em-eam-segundo-a-gartner-pelo-terceiro-ano-consecutivo\\\/\",\"name\":\"IFS Ultimo, n.\u00ba 1 em EAM segundo a Gartner\u00ae pelo terceiro ano consecutivo Becolve Digital\",\"isPartOf\":{\"@id\":\"https:\\\/\\\/becolve.com\\\/pt-pt\\\/#website\"},\"primaryImageOfPage\":{\"@id\":\"https:\\\/\\\/becolve.com\\\/pt-pt\\\/blog\\\/ifs-ultimo-n-o-1-em-eam-segundo-a-gartner-pelo-terceiro-ano-consecutivo\\\/#primaryimage\"},\"image\":{\"@id\":\"https:\\\/\\\/becolve.com\\\/pt-pt\\\/blog\\\/ifs-ultimo-n-o-1-em-eam-segundo-a-gartner-pelo-terceiro-ano-consecutivo\\\/#primaryimage\"},\"thumbnailUrl\":\"https:\\\/\\\/becolve.com\\\/wp-content\\\/uploads\\\/2024\\\/05\\\/ifs-ultimo-gartner-infirme-primero.jpg\",\"datePublished\":\"2025-09-17T17:48:21+00:00\",\"description\":\"A IFS obt\u00e9m a classifica\u00e7\u00e3o mais alta no relat\u00f3rio Gartner\u00ae Market Share pela sua participa\u00e7\u00e3o no mercado EAM\",\"breadcrumb\":{\"@id\":\"https:\\\/\\\/becolve.com\\\/pt-pt\\\/blog\\\/ifs-ultimo-n-o-1-em-eam-segundo-a-gartner-pelo-terceiro-ano-consecutivo\\\/#breadcrumb\"},\"inLanguage\":\"pt-PT\",\"potentialAction\":[{\"@type\":\"ReadAction\",\"target\":[\"https:\\\/\\\/becolve.com\\\/pt-pt\\\/blog\\\/ifs-ultimo-n-o-1-em-eam-segundo-a-gartner-pelo-terceiro-ano-consecutivo\\\/\"]}]},{\"@type\":\"ImageObject\",\"inLanguage\":\"pt-PT\",\"@id\":\"https:\\\/\\\/becolve.com\\\/pt-pt\\\/blog\\\/ifs-ultimo-n-o-1-em-eam-segundo-a-gartner-pelo-terceiro-ano-consecutivo\\\/#primaryimage\",\"url\":\"https:\\\/\\\/becolve.com\\\/wp-content\\\/uploads\\\/2024\\\/05\\\/ifs-ultimo-gartner-infirme-primero.jpg\",\"contentUrl\":\"https:\\\/\\\/becolve.com\\\/wp-content\\\/uploads\\\/2024\\\/05\\\/ifs-ultimo-gartner-infirme-primero.jpg\",\"width\":799,\"height\":533},{\"@type\":\"BreadcrumbList\",\"@id\":\"https:\\\/\\\/becolve.com\\\/pt-pt\\\/blog\\\/ifs-ultimo-n-o-1-em-eam-segundo-a-gartner-pelo-terceiro-ano-consecutivo\\\/#breadcrumb\",\"itemListElement\":[{\"@type\":\"ListItem\",\"position\":1,\"name\":\"Home\",\"item\":\"https:\\\/\\\/becolve.com\\\/pt-pt\\\/\"},{\"@type\":\"ListItem\",\"position\":2,\"name\":\"Blog Items\",\"item\":\"https:\\\/\\\/becolve.com\\\/pt-pt\\\/blog\\\/\"},{\"@type\":\"ListItem\",\"position\":3,\"name\":\"IFS Ultimo, n.\u00ba 1 em EAM segundo a Gartner\u00ae pelo terceiro ano consecutivo\"}]},{\"@type\":\"WebSite\",\"@id\":\"https:\\\/\\\/becolve.com\\\/pt-pt\\\/#website\",\"url\":\"https:\\\/\\\/becolve.com\\\/pt-pt\\\/\",\"name\":\"Becolve Digital\",\"description\":\"Impulsamos la transformaci\u00f3n digital en la industria e infraestructuras\",\"publisher\":{\"@id\":\"https:\\\/\\\/becolve.com\\\/pt-pt\\\/#organization\"},\"potentialAction\":[{\"@type\":\"SearchAction\",\"target\":{\"@type\":\"EntryPoint\",\"urlTemplate\":\"https:\\\/\\\/becolve.com\\\/pt-pt\\\/?s={search_term_string}\"},\"query-input\":{\"@type\":\"PropertyValueSpecification\",\"valueRequired\":true,\"valueName\":\"search_term_string\"}}],\"inLanguage\":\"pt-PT\"},{\"@type\":\"Organization\",\"@id\":\"https:\\\/\\\/becolve.com\\\/pt-pt\\\/#organization\",\"name\":\"Becolve Digital\",\"url\":\"https:\\\/\\\/becolve.com\\\/pt-pt\\\/\",\"logo\":{\"@type\":\"ImageObject\",\"inLanguage\":\"pt-PT\",\"@id\":\"https:\\\/\\\/becolve.com\\\/pt-pt\\\/#\\\/schema\\\/logo\\\/image\\\/\",\"url\":\"https:\\\/\\\/becolve.com\\\/wp-content\\\/uploads\\\/2023\\\/04\\\/becolve-logo-h-black_200.png\",\"contentUrl\":\"https:\\\/\\\/becolve.com\\\/wp-content\\\/uploads\\\/2023\\\/04\\\/becolve-logo-h-black_200.png\",\"width\":200,\"height\":64,\"caption\":\"Becolve Digital\"},\"image\":{\"@id\":\"https:\\\/\\\/becolve.com\\\/pt-pt\\\/#\\\/schema\\\/logo\\\/image\\\/\"},\"sameAs\":[\"https:\\\/\\\/x.com\\\/Logitek_es\",\"https:\\\/\\\/www.linkedin.com\\\/company\\\/becolve-digital\\\/\"]}]}<\/script>\n<!-- \/ Yoast SEO plugin. -->","yoast_head_json":{"title":"IFS Ultimo, n.\u00ba 1 em EAM segundo a Gartner\u00ae pelo terceiro ano consecutivo Becolve Digital","description":"A IFS obt\u00e9m a classifica\u00e7\u00e3o mais alta no relat\u00f3rio Gartner\u00ae Market Share pela sua participa\u00e7\u00e3o no mercado EAM","robots":{"index":"index","follow":"follow","max-snippet":"max-snippet:-1","max-image-preview":"max-image-preview:large","max-video-preview":"max-video-preview:-1"},"canonical":"https:\/\/becolve.com\/pt-pt\/blog\/ifs-ultimo-n-o-1-em-eam-segundo-a-gartner-pelo-terceiro-ano-consecutivo\/","og_locale":"pt_PT","og_type":"article","og_title":"IFS Ultimo, n.\u00ba 1 em EAM segundo a Gartner\u00ae pelo terceiro ano consecutivo Becolve Digital","og_description":"A IFS obt\u00e9m a classifica\u00e7\u00e3o mais alta no relat\u00f3rio Gartner\u00ae Market Share pela sua participa\u00e7\u00e3o no mercado EAM","og_url":"https:\/\/becolve.com\/pt-pt\/blog\/ifs-ultimo-n-o-1-em-eam-segundo-a-gartner-pelo-terceiro-ano-consecutivo\/","og_site_name":"Becolve Digital","og_image":[{"url":"https:\/\/becolve.com\/wp-content\/uploads\/2024\/05\/ifs-ultimo-gartner-infirme-primero.jpg","type":"","width":"","height":""}],"twitter_card":"summary_large_image","twitter_image":"https:\/\/becolve.com\/wp-content\/uploads\/2024\/05\/ifs-ultimo-gartner-infirme-primero.jpg","twitter_site":"@Logitek_es","twitter_misc":{"Tempo estimado de leitura":"2 minutos","Written by":"Iria Di\u00e9guez"},"schema":{"@context":"https:\/\/schema.org","@graph":[{"@type":"WebPage","@id":"https:\/\/becolve.com\/pt-pt\/blog\/ifs-ultimo-n-o-1-em-eam-segundo-a-gartner-pelo-terceiro-ano-consecutivo\/","url":"https:\/\/becolve.com\/pt-pt\/blog\/ifs-ultimo-n-o-1-em-eam-segundo-a-gartner-pelo-terceiro-ano-consecutivo\/","name":"IFS Ultimo, n.\u00ba 1 em EAM segundo a Gartner\u00ae pelo terceiro ano consecutivo Becolve Digital","isPartOf":{"@id":"https:\/\/becolve.com\/pt-pt\/#website"},"primaryImageOfPage":{"@id":"https:\/\/becolve.com\/pt-pt\/blog\/ifs-ultimo-n-o-1-em-eam-segundo-a-gartner-pelo-terceiro-ano-consecutivo\/#primaryimage"},"image":{"@id":"https:\/\/becolve.com\/pt-pt\/blog\/ifs-ultimo-n-o-1-em-eam-segundo-a-gartner-pelo-terceiro-ano-consecutivo\/#primaryimage"},"thumbnailUrl":"https:\/\/becolve.com\/wp-content\/uploads\/2024\/05\/ifs-ultimo-gartner-infirme-primero.jpg","datePublished":"2025-09-17T17:48:21+00:00","description":"A IFS obt\u00e9m a classifica\u00e7\u00e3o mais alta no relat\u00f3rio Gartner\u00ae Market Share pela sua participa\u00e7\u00e3o no mercado EAM","breadcrumb":{"@id":"https:\/\/becolve.com\/pt-pt\/blog\/ifs-ultimo-n-o-1-em-eam-segundo-a-gartner-pelo-terceiro-ano-consecutivo\/#breadcrumb"},"inLanguage":"pt-PT","potentialAction":[{"@type":"ReadAction","target":["https:\/\/becolve.com\/pt-pt\/blog\/ifs-ultimo-n-o-1-em-eam-segundo-a-gartner-pelo-terceiro-ano-consecutivo\/"]}]},{"@type":"ImageObject","inLanguage":"pt-PT","@id":"https:\/\/becolve.com\/pt-pt\/blog\/ifs-ultimo-n-o-1-em-eam-segundo-a-gartner-pelo-terceiro-ano-consecutivo\/#primaryimage","url":"https:\/\/becolve.com\/wp-content\/uploads\/2024\/05\/ifs-ultimo-gartner-infirme-primero.jpg","contentUrl":"https:\/\/becolve.com\/wp-content\/uploads\/2024\/05\/ifs-ultimo-gartner-infirme-primero.jpg","width":799,"height":533},{"@type":"BreadcrumbList","@id":"https:\/\/becolve.com\/pt-pt\/blog\/ifs-ultimo-n-o-1-em-eam-segundo-a-gartner-pelo-terceiro-ano-consecutivo\/#breadcrumb","itemListElement":[{"@type":"ListItem","position":1,"name":"Home","item":"https:\/\/becolve.com\/pt-pt\/"},{"@type":"ListItem","position":2,"name":"Blog Items","item":"https:\/\/becolve.com\/pt-pt\/blog\/"},{"@type":"ListItem","position":3,"name":"IFS Ultimo, n.\u00ba 1 em EAM segundo a Gartner\u00ae pelo terceiro ano consecutivo"}]},{"@type":"WebSite","@id":"https:\/\/becolve.com\/pt-pt\/#website","url":"https:\/\/becolve.com\/pt-pt\/","name":"Becolve Digital","description":"Impulsamos la transformaci\u00f3n digital en la industria e infraestructuras","publisher":{"@id":"https:\/\/becolve.com\/pt-pt\/#organization"},"potentialAction":[{"@type":"SearchAction","target":{"@type":"EntryPoint","urlTemplate":"https:\/\/becolve.com\/pt-pt\/?s={search_term_string}"},"query-input":{"@type":"PropertyValueSpecification","valueRequired":true,"valueName":"search_term_string"}}],"inLanguage":"pt-PT"},{"@type":"Organization","@id":"https:\/\/becolve.com\/pt-pt\/#organization","name":"Becolve Digital","url":"https:\/\/becolve.com\/pt-pt\/","logo":{"@type":"ImageObject","inLanguage":"pt-PT","@id":"https:\/\/becolve.com\/pt-pt\/#\/schema\/logo\/image\/","url":"https:\/\/becolve.com\/wp-content\/uploads\/2023\/04\/becolve-logo-h-black_200.png","contentUrl":"https:\/\/becolve.com\/wp-content\/uploads\/2023\/04\/becolve-logo-h-black_200.png","width":200,"height":64,"caption":"Becolve Digital"},"image":{"@id":"https:\/\/becolve.com\/pt-pt\/#\/schema\/logo\/image\/"},"sameAs":["https:\/\/x.com\/Logitek_es","https:\/\/www.linkedin.com\/company\/becolve-digital\/"]}]}},"_links":{"self":[{"href":"https:\/\/becolve.com\/pt-pt\/wp-json\/wp\/v2\/blog\/47455","targetHints":{"allow":["GET"]}}],"collection":[{"href":"https:\/\/becolve.com\/pt-pt\/wp-json\/wp\/v2\/blog"}],"about":[{"href":"https:\/\/becolve.com\/pt-pt\/wp-json\/wp\/v2\/types\/blog"}],"author":[{"embeddable":true,"href":"https:\/\/becolve.com\/pt-pt\/wp-json\/wp\/v2\/users\/38"}],"version-history":[{"count":0,"href":"https:\/\/becolve.com\/pt-pt\/wp-json\/wp\/v2\/blog\/47455\/revisions"}],"wp:featuredmedia":[{"embeddable":true,"href":"https:\/\/becolve.com\/pt-pt\/wp-json\/wp\/v2\/media\/30860"}],"wp:attachment":[{"href":"https:\/\/becolve.com\/pt-pt\/wp-json\/wp\/v2\/media?parent=47455"}],"wp:term":[{"taxonomy":"category","embeddable":true,"href":"https:\/\/becolve.com\/pt-pt\/wp-json\/wp\/v2\/categories?post=47455"},{"taxonomy":"post_tag","embeddable":true,"href":"https:\/\/becolve.com\/pt-pt\/wp-json\/wp\/v2\/tags?post=47455"},{"taxonomy":"arquitectura","embeddable":true,"href":"https:\/\/becolve.com\/pt-pt\/wp-json\/wp\/v2\/arquitectura?post=47455"},{"taxonomy":"area","embeddable":true,"href":"https:\/\/becolve.com\/pt-pt\/wp-json\/wp\/v2\/area?post=47455"},{"taxonomy":"sector","embeddable":true,"href":"https:\/\/becolve.com\/pt-pt\/wp-json\/wp\/v2\/sector?post=47455"},{"taxonomy":"experto","embeddable":true,"href":"https:\/\/becolve.com\/pt-pt\/wp-json\/wp\/v2\/experto?post=47455"},{"taxonomy":"weborigen","embeddable":true,"href":"https:\/\/becolve.com\/pt-pt\/wp-json\/wp\/v2\/weborigen?post=47455"},{"taxonomy":"productos-tax","embeddable":true,"href":"https:\/\/becolve.com\/pt-pt\/wp-json\/wp\/v2\/productos-tax?post=47455"},{"taxonomy":"soluciones-tax","embeddable":true,"href":"https:\/\/becolve.com\/pt-pt\/wp-json\/wp\/v2\/soluciones-tax?post=47455"},{"taxonomy":"marcas-tax","embeddable":true,"href":"https:\/\/becolve.com\/pt-pt\/wp-json\/wp\/v2\/marcas-tax?post=47455"},{"taxonomy":"author","embeddable":true,"href":"https:\/\/becolve.com\/pt-pt\/wp-json\/wp\/v2\/coauthors?post=47455"}],"curies":[{"name":"wp","href":"https:\/\/api.w.org\/{rel}","templated":true}]}}