{"id":47468,"date":"2025-09-17T17:48:42","date_gmt":"2025-09-17T17:48:42","guid":{"rendered":"https:\/\/becolve.com\/blog\/ifs-ultimo-flexibilidade-absoluta-em-formato-eam\/"},"modified":"2025-09-17T17:48:42","modified_gmt":"2025-09-17T17:48:42","slug":"ifs-ultimo-flexibilidade-absoluta-em-formato-eam","status":"publish","type":"blog","link":"https:\/\/becolve.com\/pt-pt\/blog\/ifs-ultimo-flexibilidade-absoluta-em-formato-eam\/","title":{"rendered":"IFS Ultimo, flexibilidade absoluta em formato EAM"},"content":{"rendered":"<p>Tal como vimos no post anterior, o crescimento excessivo do mercado e dos seus consumidores dificulta muito a tarefa de atender \u00e0s necessidades de cada utilizador em particular. Por isso, a IFS Ultimo e a Becolve Digital oferecem um servi\u00e7o pr\u00f3ximo dos nossos clientes, com uma solu\u00e7\u00e3o pensada por e para estes. <\/p>\n<h3>E quando h\u00e1 proximidade, h\u00e1 margem de manobra<\/h3>\n<p>Porque n\u00e3o: n\u00e3o nos ficamos por dar-nos bem e pronto. Uma rela\u00e7\u00e3o pr\u00f3xima, do nosso ponto de vista, implica sermos flex\u00edveis para reconduzir o caminho quando o utilizador o veja necess\u00e1rio. A partir do que chamar\u00edamos um acompanhamento coast to coast, <strong>adaptamo-nos \u00e0s necessidades \u00fanicas de cada caso num panorama saturado:<\/strong>  <\/p>\n<h3>Potenciando o crescimento empresarial. Sem precisar de porqu\u00eas <\/h3>\n<p>Para al\u00e9m de atuar como apoio, o IFS Ultimo \u00e9 um <strong>trampolim escal\u00e1vel e flex\u00edvel para o desenvolvimento das empresas,<\/strong> sem restri\u00e7\u00f5es nem condi\u00e7\u00f5es \u00e0s op\u00e7\u00f5es que cada neg\u00f3cio requeira. As funcionalidades que os utilizadores necessitem para crescer, t\u00ea-las-\u00e3o. <\/p>\n<h3>Integra\u00e7\u00e3o sem fronteiras: acesso livre \u00e0s colabora\u00e7\u00f5es<\/h3>\n<p>Se o que temos em casa funciona, para que vamos procurar fora? Sem \u00e2nimo de invadir nenhum espa\u00e7o, <a href=\"https:\/\/becolve.com\/pt-pt\/ifs-ultimo-eam-alem-de-gmao\/\" target=\"_blank\" rel=\"noopener\"><strong>o IFS Ultimo integra-se com qualquer software da empresa,<\/strong><\/a> incluindo ERPs (disp\u00f5e de conector de integra\u00e7\u00e3o com SAP certificado pela SAP). Na mesma linha, o IFS Ultimo oferece APIs, conectores e interfaces j\u00e1 desenvolvidas para se unir a outros sistemas. Um dos seus pontos fortes, pois, \u00e9 a capacidade de <strong>colaborar e somar com as solu\u00e7\u00f5es existentes e futuras.<\/strong>   <\/p>\n<p><img loading=\"lazy\" decoding=\"async\" class=\"contenida aligncenter wp-image-28897 size-full\" src=\"https:\/\/becolve.com\/wp-content\/uploads\/2024\/02\/becolve-post-ifs-ultimo-flexible-2.webp\" width=\"1000\" height=\"625\" srcset=\"https:\/\/becolve.com\/wp-content\/uploads\/2024\/02\/becolve-post-ifs-ultimo-flexible-2.webp 1000w, https:\/\/becolve.com\/wp-content\/uploads\/2024\/02\/becolve-post-ifs-ultimo-flexible-2-980x613.webp 980w, https:\/\/becolve.com\/wp-content\/uploads\/2024\/02\/becolve-post-ifs-ultimo-flexible-2-480x300.webp 480w\" sizes=\"(min-width: 0px) and (max-width: 480px) 480px, (min-width: 481px) and (max-width: 980px) 980px, (min-width: 981px) 1000px, 100vw\" \/><\/p>\n<h3>Personaliza\u00e7\u00e3o, como indica a palavra, personalizada<\/h3>\n<p>Adiantando-se pela direita a outras ferramentas que oferecem de s\u00e9rie muitas op\u00e7\u00f5es segundo o tipo de neg\u00f3cio, mas fixas, <a href=\"https:\/\/becolve.com\/pt-pt\/ifs-ultimo-eam-alem-de-gmao\/\" target=\"_blank\" rel=\"noopener\">o IFS Ultimo \u00e9 <strong>extremamente f\u00e1cil de adaptar \u00e0s necessidades do setor, f\u00e1brica ou infraestrutura dos seus utilizadores.<\/strong><\/a> \u00c0quelas que n\u00e3o coincidem com nenhuma das outras empresas. E al\u00e9m disso, sem c\u00f3digo:<strong> todos os workflows s\u00e3o edit\u00e1veis e adapt\u00e1veis aos requerimentos do cliente.<\/strong> <\/p>\n<p>A interface de utilizador, os ecr\u00e3s, as listas de sele\u00e7\u00e3o e os relat\u00f3rios podem ser personalizados, gra\u00e7as \u00e0 <strong>ferramenta de configura\u00e7\u00e3o<\/strong> dispon\u00edvel no EAM. Como solu\u00e7\u00e3o que se adapta, serve e ajuda o utilizador, permite <strong>criar novas funcionalidades sem necessidade de programa\u00e7\u00e3o,<\/strong> fazendo com que este tome o controlo total da sua experi\u00eancia. <\/p>\n<p style=\"text-align: center;\">\t<div class=\"shortcode-cta-con-enlace \">\n\t\t<div class=\"shortcode-cta-con-enlace-inner\">\n\t\t\t<div class=\"shortcode-cta-con-enlace-izquierda\">\n\t\t\t\t<i class=\"fa-light fa-message-smile\"><\/i>\n\t\t\t<\/div>\n\t\t\t<div class=\"shortcode-cta-con-enlace-derecha\">\n\t\t\t\t<div class=\"shortcode-cta-con-enlace__titulo\">\n\t\t\t\t\t\u00bfQuieres saber m\u00e1s?\t\t\t\t<\/div>\n\t\t\t\t<div class=\"shortcode-cta-con-enlace__texto\">\n\t\t\t\t\t<p>Inf\u00f3rmate sobre c\u00f3mo el EAM IFS Ultimo te ayuda en tu plan de transformaci\u00f3n digital.<\/p>\n\t\t\t\t<\/div>\n\t\t\t\t\t\t\t\t\t<div class=\"shortcode-cta-con-enlace__boton\">\n\t\t\t\t\t\t<a href=\"https:\/\/becolve.com\/ifs-ultimo-eam-gmao\/\" target=\"_blank\">\n\t\t\t\t\t\t<div class=\"shortcode-cta-con-enlace__boton-inner\">\n\t\t\t\t\t\t\t<div class=\"shortcode-cta-con-enlace__boton-icono-blank\">\n\t\t\t\t\t\t\t<\/div>\n\t\t\t\t\t\t\t<div class=\"shortcode-cta-con-enlace__boton-titulo\">\n\t\t\t\t\t\t\t\tDescubre IFS Ultimo\t\t\t\t\t\t\t<\/div>\n\t\t\t\t\t\t\t<div class=\"shortcode-cta-con-enlace__boton-icono\">\n\t\t\t\t\t\t\t\t<i class=\"fa-solid fa-circle-arrow-right\"><\/i>\n\t\t\t\t\t\t\t<\/div>\n\t\t\t\t\t\t<\/div>\n\t\t\t\t\t\t<\/a>\n\t\t\t\t\t<\/div>\n\t\t\t\t\t\t\t<\/div>\n\t\t<\/div>\n\t<\/div>\n\n<\/p>\n","protected":false},"excerpt":{"rendered":"<p>Como um fato \u00e0 medida, o IFS Ultimo adapta-se \u00e0s necessidades do seu setor, f\u00e1brica ou infraestrutura.<\/p>\n","protected":false},"author":1,"featured_media":28896,"menu_order":0,"template":"","categories":[964,958,966],"tags":[],"arquitectura":[1846],"area":[187,186],"sector":[188,189,190,191,192,193,194,195,196,961,197,198,199,200,201],"experto":[],"weborigen":[],"productos-tax":[],"soluciones-tax":[],"marcas-tax":[395],"coauthors":[427],"class_list":["post-47468","blog","type-blog","status-publish","has-post-thumbnail","hentry","category-eficiencia-operacional","category-evolucao-digital","category-manutencao-de-ativos","arquitectura-manutencao-avancada","area-industrial-pt-pt","area-infraestruturas","sector-aeroportos","sector-aguas-pt-pt","sector-automotivo","sector-data-center-pt-pt","sector-energia-pt-pt","sector-fb-pt-pt","sector-facility-management-pt-pt","sector-farma-pt-pt","sector-oem-pt-pt","sector-packaging-pt-pt","sector-portos","sector-quimica-pt-pt","sector-smart-city-pt-pt","sector-transporte-e-mobilidade","sector-tuneis","marcas-tax-ultimo"],"acf":[],"yoast_head":"<!-- This site is optimized with the Yoast SEO plugin v28.3 - https:\/\/yoast.com\/product\/yoast-seo-wordpress\/ -->\n<title>IFS Ultimo, flexibilidade absoluta em formato EAM | Becolve Digital<\/title>\n<meta name=\"robots\" content=\"index, follow, max-snippet:-1, max-image-preview:large, max-video-preview:-1\" \/>\n<link rel=\"canonical\" href=\"https:\/\/becolve.com\/pt-pt\/blog\/ifs-ultimo-flexibilidade-absoluta-em-formato-eam\/\" \/>\n<meta property=\"og:locale\" content=\"pt_PT\" \/>\n<meta property=\"og:type\" content=\"article\" \/>\n<meta property=\"og:title\" content=\"IFS Ultimo, flexibilidade absoluta em formato EAM | Becolve Digital\" \/>\n<meta property=\"og:description\" content=\"Como um fato \u00e0 medida, o IFS Ultimo adapta-se \u00e0s necessidades do seu setor, f\u00e1brica ou infraestrutura.\" \/>\n<meta property=\"og:url\" content=\"https:\/\/becolve.com\/pt-pt\/blog\/ifs-ultimo-flexibilidade-absoluta-em-formato-eam\/\" \/>\n<meta property=\"og:site_name\" content=\"Becolve Digital\" \/>\n<meta property=\"og:image\" content=\"https:\/\/becolve.com\/wp-content\/uploads\/2024\/02\/becolve-post-ifs-ultimo-flexible.webp\" \/>\n<meta name=\"twitter:card\" content=\"summary_large_image\" \/>\n<meta name=\"twitter:image\" content=\"https:\/\/becolve.com\/wp-content\/uploads\/2024\/02\/becolve-post-ifs-ultimo-flexible.webp\" \/>\n<meta name=\"twitter:site\" content=\"@Logitek_es\" \/>\n<meta name=\"twitter:label1\" content=\"Tempo estimado de leitura\" \/>\n\t<meta name=\"twitter:data1\" content=\"2 minutos\" \/>\n\t<meta name=\"twitter:label2\" content=\"Written by\" \/>\n\t<meta name=\"twitter:data2\" content=\"Becolve Digital\" \/>\n<script type=\"application\/ld+json\" class=\"yoast-schema-graph\">{\"@context\":\"https:\\\/\\\/schema.org\",\"@graph\":[{\"@type\":\"WebPage\",\"@id\":\"https:\\\/\\\/becolve.com\\\/pt-pt\\\/blog\\\/ifs-ultimo-flexibilidade-absoluta-em-formato-eam\\\/\",\"url\":\"https:\\\/\\\/becolve.com\\\/pt-pt\\\/blog\\\/ifs-ultimo-flexibilidade-absoluta-em-formato-eam\\\/\",\"name\":\"IFS Ultimo, flexibilidade absoluta em formato EAM | Becolve Digital\",\"isPartOf\":{\"@id\":\"https:\\\/\\\/becolve.com\\\/pt-pt\\\/#website\"},\"primaryImageOfPage\":{\"@id\":\"https:\\\/\\\/becolve.com\\\/pt-pt\\\/blog\\\/ifs-ultimo-flexibilidade-absoluta-em-formato-eam\\\/#primaryimage\"},\"image\":{\"@id\":\"https:\\\/\\\/becolve.com\\\/pt-pt\\\/blog\\\/ifs-ultimo-flexibilidade-absoluta-em-formato-eam\\\/#primaryimage\"},\"thumbnailUrl\":\"https:\\\/\\\/becolve.com\\\/wp-content\\\/uploads\\\/2024\\\/02\\\/becolve-post-ifs-ultimo-flexible.webp\",\"datePublished\":\"2025-09-17T17:48:42+00:00\",\"breadcrumb\":{\"@id\":\"https:\\\/\\\/becolve.com\\\/pt-pt\\\/blog\\\/ifs-ultimo-flexibilidade-absoluta-em-formato-eam\\\/#breadcrumb\"},\"inLanguage\":\"pt-PT\",\"potentialAction\":[{\"@type\":\"ReadAction\",\"target\":[\"https:\\\/\\\/becolve.com\\\/pt-pt\\\/blog\\\/ifs-ultimo-flexibilidade-absoluta-em-formato-eam\\\/\"]}]},{\"@type\":\"ImageObject\",\"inLanguage\":\"pt-PT\",\"@id\":\"https:\\\/\\\/becolve.com\\\/pt-pt\\\/blog\\\/ifs-ultimo-flexibilidade-absoluta-em-formato-eam\\\/#primaryimage\",\"url\":\"https:\\\/\\\/becolve.com\\\/wp-content\\\/uploads\\\/2024\\\/02\\\/becolve-post-ifs-ultimo-flexible.webp\",\"contentUrl\":\"https:\\\/\\\/becolve.com\\\/wp-content\\\/uploads\\\/2024\\\/02\\\/becolve-post-ifs-ultimo-flexible.webp\",\"width\":1000,\"height\":662},{\"@type\":\"BreadcrumbList\",\"@id\":\"https:\\\/\\\/becolve.com\\\/pt-pt\\\/blog\\\/ifs-ultimo-flexibilidade-absoluta-em-formato-eam\\\/#breadcrumb\",\"itemListElement\":[{\"@type\":\"ListItem\",\"position\":1,\"name\":\"Home\",\"item\":\"https:\\\/\\\/becolve.com\\\/pt-pt\\\/\"},{\"@type\":\"ListItem\",\"position\":2,\"name\":\"Blog Items\",\"item\":\"https:\\\/\\\/becolve.com\\\/pt-pt\\\/blog\\\/\"},{\"@type\":\"ListItem\",\"position\":3,\"name\":\"IFS Ultimo, flexibilidade absoluta em formato EAM\"}]},{\"@type\":\"WebSite\",\"@id\":\"https:\\\/\\\/becolve.com\\\/pt-pt\\\/#website\",\"url\":\"https:\\\/\\\/becolve.com\\\/pt-pt\\\/\",\"name\":\"Becolve Digital\",\"description\":\"Impulsamos la transformaci\u00f3n digital en la industria e infraestructuras\",\"publisher\":{\"@id\":\"https:\\\/\\\/becolve.com\\\/pt-pt\\\/#organization\"},\"potentialAction\":[{\"@type\":\"SearchAction\",\"target\":{\"@type\":\"EntryPoint\",\"urlTemplate\":\"https:\\\/\\\/becolve.com\\\/pt-pt\\\/?s={search_term_string}\"},\"query-input\":{\"@type\":\"PropertyValueSpecification\",\"valueRequired\":true,\"valueName\":\"search_term_string\"}}],\"inLanguage\":\"pt-PT\"},{\"@type\":\"Organization\",\"@id\":\"https:\\\/\\\/becolve.com\\\/pt-pt\\\/#organization\",\"name\":\"Becolve Digital\",\"url\":\"https:\\\/\\\/becolve.com\\\/pt-pt\\\/\",\"logo\":{\"@type\":\"ImageObject\",\"inLanguage\":\"pt-PT\",\"@id\":\"https:\\\/\\\/becolve.com\\\/pt-pt\\\/#\\\/schema\\\/logo\\\/image\\\/\",\"url\":\"https:\\\/\\\/becolve.com\\\/wp-content\\\/uploads\\\/2023\\\/04\\\/becolve-logo-h-black_200.png\",\"contentUrl\":\"https:\\\/\\\/becolve.com\\\/wp-content\\\/uploads\\\/2023\\\/04\\\/becolve-logo-h-black_200.png\",\"width\":200,\"height\":64,\"caption\":\"Becolve Digital\"},\"image\":{\"@id\":\"https:\\\/\\\/becolve.com\\\/pt-pt\\\/#\\\/schema\\\/logo\\\/image\\\/\"},\"sameAs\":[\"https:\\\/\\\/x.com\\\/Logitek_es\",\"https:\\\/\\\/www.linkedin.com\\\/company\\\/becolve-digital\\\/\"]}]}<\/script>\n<!-- \/ Yoast SEO plugin. -->","yoast_head_json":{"title":"IFS Ultimo, flexibilidade absoluta em formato EAM | Becolve Digital","robots":{"index":"index","follow":"follow","max-snippet":"max-snippet:-1","max-image-preview":"max-image-preview:large","max-video-preview":"max-video-preview:-1"},"canonical":"https:\/\/becolve.com\/pt-pt\/blog\/ifs-ultimo-flexibilidade-absoluta-em-formato-eam\/","og_locale":"pt_PT","og_type":"article","og_title":"IFS Ultimo, flexibilidade absoluta em formato EAM | Becolve Digital","og_description":"Como um fato \u00e0 medida, o IFS Ultimo adapta-se \u00e0s necessidades do seu setor, f\u00e1brica ou infraestrutura.","og_url":"https:\/\/becolve.com\/pt-pt\/blog\/ifs-ultimo-flexibilidade-absoluta-em-formato-eam\/","og_site_name":"Becolve Digital","og_image":[{"url":"https:\/\/becolve.com\/wp-content\/uploads\/2024\/02\/becolve-post-ifs-ultimo-flexible.webp","type":"","width":"","height":""}],"twitter_card":"summary_large_image","twitter_image":"https:\/\/becolve.com\/wp-content\/uploads\/2024\/02\/becolve-post-ifs-ultimo-flexible.webp","twitter_site":"@Logitek_es","twitter_misc":{"Tempo estimado de leitura":"2 minutos","Written by":"Becolve Digital"},"schema":{"@context":"https:\/\/schema.org","@graph":[{"@type":"WebPage","@id":"https:\/\/becolve.com\/pt-pt\/blog\/ifs-ultimo-flexibilidade-absoluta-em-formato-eam\/","url":"https:\/\/becolve.com\/pt-pt\/blog\/ifs-ultimo-flexibilidade-absoluta-em-formato-eam\/","name":"IFS Ultimo, flexibilidade absoluta em formato EAM | Becolve Digital","isPartOf":{"@id":"https:\/\/becolve.com\/pt-pt\/#website"},"primaryImageOfPage":{"@id":"https:\/\/becolve.com\/pt-pt\/blog\/ifs-ultimo-flexibilidade-absoluta-em-formato-eam\/#primaryimage"},"image":{"@id":"https:\/\/becolve.com\/pt-pt\/blog\/ifs-ultimo-flexibilidade-absoluta-em-formato-eam\/#primaryimage"},"thumbnailUrl":"https:\/\/becolve.com\/wp-content\/uploads\/2024\/02\/becolve-post-ifs-ultimo-flexible.webp","datePublished":"2025-09-17T17:48:42+00:00","breadcrumb":{"@id":"https:\/\/becolve.com\/pt-pt\/blog\/ifs-ultimo-flexibilidade-absoluta-em-formato-eam\/#breadcrumb"},"inLanguage":"pt-PT","potentialAction":[{"@type":"ReadAction","target":["https:\/\/becolve.com\/pt-pt\/blog\/ifs-ultimo-flexibilidade-absoluta-em-formato-eam\/"]}]},{"@type":"ImageObject","inLanguage":"pt-PT","@id":"https:\/\/becolve.com\/pt-pt\/blog\/ifs-ultimo-flexibilidade-absoluta-em-formato-eam\/#primaryimage","url":"https:\/\/becolve.com\/wp-content\/uploads\/2024\/02\/becolve-post-ifs-ultimo-flexible.webp","contentUrl":"https:\/\/becolve.com\/wp-content\/uploads\/2024\/02\/becolve-post-ifs-ultimo-flexible.webp","width":1000,"height":662},{"@type":"BreadcrumbList","@id":"https:\/\/becolve.com\/pt-pt\/blog\/ifs-ultimo-flexibilidade-absoluta-em-formato-eam\/#breadcrumb","itemListElement":[{"@type":"ListItem","position":1,"name":"Home","item":"https:\/\/becolve.com\/pt-pt\/"},{"@type":"ListItem","position":2,"name":"Blog Items","item":"https:\/\/becolve.com\/pt-pt\/blog\/"},{"@type":"ListItem","position":3,"name":"IFS Ultimo, flexibilidade absoluta em formato EAM"}]},{"@type":"WebSite","@id":"https:\/\/becolve.com\/pt-pt\/#website","url":"https:\/\/becolve.com\/pt-pt\/","name":"Becolve Digital","description":"Impulsamos la transformaci\u00f3n digital en la industria e infraestructuras","publisher":{"@id":"https:\/\/becolve.com\/pt-pt\/#organization"},"potentialAction":[{"@type":"SearchAction","target":{"@type":"EntryPoint","urlTemplate":"https:\/\/becolve.com\/pt-pt\/?s={search_term_string}"},"query-input":{"@type":"PropertyValueSpecification","valueRequired":true,"valueName":"search_term_string"}}],"inLanguage":"pt-PT"},{"@type":"Organization","@id":"https:\/\/becolve.com\/pt-pt\/#organization","name":"Becolve Digital","url":"https:\/\/becolve.com\/pt-pt\/","logo":{"@type":"ImageObject","inLanguage":"pt-PT","@id":"https:\/\/becolve.com\/pt-pt\/#\/schema\/logo\/image\/","url":"https:\/\/becolve.com\/wp-content\/uploads\/2023\/04\/becolve-logo-h-black_200.png","contentUrl":"https:\/\/becolve.com\/wp-content\/uploads\/2023\/04\/becolve-logo-h-black_200.png","width":200,"height":64,"caption":"Becolve Digital"},"image":{"@id":"https:\/\/becolve.com\/pt-pt\/#\/schema\/logo\/image\/"},"sameAs":["https:\/\/x.com\/Logitek_es","https:\/\/www.linkedin.com\/company\/becolve-digital\/"]}]}},"_links":{"self":[{"href":"https:\/\/becolve.com\/pt-pt\/wp-json\/wp\/v2\/blog\/47468","targetHints":{"allow":["GET"]}}],"collection":[{"href":"https:\/\/becolve.com\/pt-pt\/wp-json\/wp\/v2\/blog"}],"about":[{"href":"https:\/\/becolve.com\/pt-pt\/wp-json\/wp\/v2\/types\/blog"}],"author":[{"embeddable":true,"href":"https:\/\/becolve.com\/pt-pt\/wp-json\/wp\/v2\/users\/1"}],"version-history":[{"count":0,"href":"https:\/\/becolve.com\/pt-pt\/wp-json\/wp\/v2\/blog\/47468\/revisions"}],"wp:featuredmedia":[{"embeddable":true,"href":"https:\/\/becolve.com\/pt-pt\/wp-json\/wp\/v2\/media\/28896"}],"wp:attachment":[{"href":"https:\/\/becolve.com\/pt-pt\/wp-json\/wp\/v2\/media?parent=47468"}],"wp:term":[{"taxonomy":"category","embeddable":true,"href":"https:\/\/becolve.com\/pt-pt\/wp-json\/wp\/v2\/categories?post=47468"},{"taxonomy":"post_tag","embeddable":true,"href":"https:\/\/becolve.com\/pt-pt\/wp-json\/wp\/v2\/tags?post=47468"},{"taxonomy":"arquitectura","embeddable":true,"href":"https:\/\/becolve.com\/pt-pt\/wp-json\/wp\/v2\/arquitectura?post=47468"},{"taxonomy":"area","embeddable":true,"href":"https:\/\/becolve.com\/pt-pt\/wp-json\/wp\/v2\/area?post=47468"},{"taxonomy":"sector","embeddable":true,"href":"https:\/\/becolve.com\/pt-pt\/wp-json\/wp\/v2\/sector?post=47468"},{"taxonomy":"experto","embeddable":true,"href":"https:\/\/becolve.com\/pt-pt\/wp-json\/wp\/v2\/experto?post=47468"},{"taxonomy":"weborigen","embeddable":true,"href":"https:\/\/becolve.com\/pt-pt\/wp-json\/wp\/v2\/weborigen?post=47468"},{"taxonomy":"productos-tax","embeddable":true,"href":"https:\/\/becolve.com\/pt-pt\/wp-json\/wp\/v2\/productos-tax?post=47468"},{"taxonomy":"soluciones-tax","embeddable":true,"href":"https:\/\/becolve.com\/pt-pt\/wp-json\/wp\/v2\/soluciones-tax?post=47468"},{"taxonomy":"marcas-tax","embeddable":true,"href":"https:\/\/becolve.com\/pt-pt\/wp-json\/wp\/v2\/marcas-tax?post=47468"},{"taxonomy":"author","embeddable":true,"href":"https:\/\/becolve.com\/pt-pt\/wp-json\/wp\/v2\/coauthors?post=47468"}],"curies":[{"name":"wp","href":"https:\/\/api.w.org\/{rel}","templated":true}]}}