{"id":47930,"date":"2025-09-17T17:57:28","date_gmt":"2025-09-17T17:57:28","guid":{"rendered":"https:\/\/becolve.com\/blog\/aveva-day-transformacao-digital-para-um-mundo-sustentavel\/"},"modified":"2025-09-17T17:57:28","modified_gmt":"2025-09-17T17:57:28","slug":"aveva-day-transformacao-digital-para-um-mundo-sustentavel","status":"publish","type":"blog","link":"https:\/\/becolve.com\/pt-pt\/blog\/aveva-day-transformacao-digital-para-um-mundo-sustentavel\/","title":{"rendered":"AVEVA day: Transforma\u00e7\u00e3o digital para um mundo sustent\u00e1vel"},"content":{"rendered":"<p>Num mundo em constante evolu\u00e7\u00e3o, onde a <strong>ind\u00fastria enfrenta desafios complexos<\/strong> em resposta \u00e0 crise clim\u00e1tica e \u00e0 transi\u00e7\u00e3o energ\u00e9tica, \u00e9 fundamental contar com um <strong>ecossistema tecnol\u00f3gico s\u00f3lido<\/strong> que abranja desde a engenharia at\u00e9 \u00e0s opera\u00e7\u00f5es.<\/p>\n<p>Sobre esta premissa nasce o <strong>AVEVA Day Iberia<\/strong>, onde mais de 200 respons\u00e1veis pela tomada de decis\u00f5es do setor industrial <strong>se reunir\u00e3o no pr\u00f3ximo dia 24 de maio na Real F\u00e1brica de Tapices de Madrid<\/strong> para explorar conjuntamente como a <strong>transforma\u00e7\u00e3o digital<\/strong> maximiza a excel\u00eancia operacional e ajuda a alcan\u00e7ar os objetivos de desenvolvimento sustent\u00e1vel, como a descarboniza\u00e7\u00e3o, a eletrifica\u00e7\u00e3o e a digitaliza\u00e7\u00e3o.<\/p>\n<p><strong>Becolve Digital<\/strong>, enquanto parceiro da <strong>AVEVA para a Ib\u00e9ria<\/strong>, est\u00e1 <strong>comprometida com mais de 20 000 empresas<\/strong> em todo o mundo atrav\u00e9s de solu\u00e7\u00f5es integrais que cobrem a engenharia de detalhe, a gest\u00e3o de dados, a anal\u00edtica e o desempenho dos ativos. O objetivo \u00e9 produzir designs mais inteligentes, otimizar as opera\u00e7\u00f5es e melhorar a efici\u00eancia e a sustentabilidade. <\/p>\n<p>Este evento, no qual participamos ativamente, \u00e9 uma oportunidade \u00fanica para conhecer os l\u00edderes da ind\u00fastria espanhola, descobrir as suas experi\u00eancias e partilhar conhecimentos com os especialistas da <strong>AVEVA<\/strong>. Al\u00e9m disso, contar\u00e1 com grupos tem\u00e1ticos por setores, como <strong>Energia, F\u00e1bricas Qu\u00edmicas, Eletricidade e Servi\u00e7os, Fabrico, Infraestrutura e Ind\u00fastria de Processos<\/strong>, onde ser\u00e3o discutidas solu\u00e7\u00f5es espec\u00edficas e ser\u00e3o abordadas as necessidades de cada setor. <\/p>\n<h2>Se trabalha num destes setores, o AVEVA day \u00e9 do seu interesse<\/h2>\n<p>O AVEVA Day Iberia contar\u00e1 com uma <strong>abordagem setorial<\/strong> para abordar os desafios mais prementes da ind\u00fastria na sua transi\u00e7\u00e3o para a sustentabilidade e a efici\u00eancia operacional. No evento, ser\u00e3o tratados os seguintes temas e grupos tem\u00e1ticos por setores: <\/p>\n<ul>\n<li><strong>Energia:<\/strong> Ser\u00e1 acelerada a descarboniza\u00e7\u00e3o e a transi\u00e7\u00e3o energ\u00e9tica para combust\u00edveis alternativos, ao mesmo tempo que se otimizam as fontes de energia renov\u00e1vel.<\/li>\n<li><strong>F\u00e1bricas qu\u00edmicas:<\/strong> Ser\u00e1 promovida a economia circular e a transi\u00e7\u00e3o para o &#8220;net-zero&#8221; atrav\u00e9s de novos processos, f\u00e1bricas e opera\u00e7\u00f5es otimizadas.<\/li>\n<li><strong>Eletricidade e servi\u00e7os:<\/strong> Ser\u00e1 facilitada a mudan\u00e7a para a gera\u00e7\u00e3o de energia verde e ser\u00e1 mantida a disponibilidade e a resili\u00eancia do fornecimento el\u00e9trico.<\/li>\n<li><strong>Fabrico<\/strong>: Procurar-se-\u00e1 aumentar a agilidade, a escalabilidade e a efic\u00e1cia no fabrico discreto, de produtos de consumo, farmac\u00eauticos e de &#8220;life-sciences&#8221;.<\/li>\n<li><strong>Infraestrutura:<\/strong> Ser\u00e3o modernizadas as infraestruturas urbanas, os campus inteligentes e os sistemas de \u00e1gua e \u00e1guas residuais para um desenvolvimento resiliente e sustent\u00e1vel das opera\u00e7\u00f5es.<\/li>\n<li><strong>Ind\u00fastria de processos:<\/strong> Ser\u00e1 adaptada aos padr\u00f5es de procura em mudan\u00e7a nos setores de minera\u00e7\u00e3o, metais, materiais, pasta e papel.<\/li>\n<\/ul>\n<p>Esta abordagem setorial permitir\u00e1 a mais de 200 l\u00edderes empresariais e especialistas em tecnologia explorar conjuntamente <strong>como a transforma\u00e7\u00e3o digital pode maximizar a excel\u00eancia operacional<\/strong> e contribuir para alcan\u00e7ar os objetivos de desenvolvimento sustent\u00e1vel. Al\u00e9m disso, os participantes ter\u00e3o a oportunidade de conhecer em primeira m\u00e3o as experi\u00eancias e os casos de sucesso dos protagonistas da ind\u00fastria espanhola e debater com os nossos especialistas. <\/p>\n<p><strong>Becolve Digital | AVEVA Select Iberia<\/strong> participa no <strong>AVEVA Day Iberia<\/strong> no pr\u00f3ximo dia 24 de maio. <strong><a href=\"https:\/\/events.aveva.com\/avevadayiberia2023\/begin\" target=\"_blank\" rel=\"noopener\">Inscreva-se no evento<\/a><\/strong> e descubra como a transforma\u00e7\u00e3o digital pode ajudar a sua empresa a enfrentar os desafios do futuro com confian\u00e7a e sustentabilidade.<\/p>\n","protected":false},"excerpt":{"rendered":"<p>Uma oportunidade \u00fanica para conhecer os l\u00edderes da ind\u00fastria espanhola, descobrir as suas experi\u00eancias e partilhar conhecimentos. Inscreva-se no AVEVA day! <\/p>\n","protected":false},"author":31,"featured_media":0,"menu_order":0,"template":"","categories":[958,988],"tags":[],"arquitectura":[],"area":[187],"sector":[],"experto":[207],"weborigen":[],"productos-tax":[],"soluciones-tax":[],"marcas-tax":[],"coauthors":[],"class_list":["post-47930","blog","type-blog","status-publish","hentry","category-evolucao-digital","category-noticias","area-industrial-pt-pt","experto-transformacao-industrial-digital"],"acf":[],"yoast_head":"<!-- This site is optimized with the Yoast SEO plugin v28.3 - https:\/\/yoast.com\/product\/yoast-seo-wordpress\/ -->\n<title>AVEVA day: Transforma\u00e7\u00e3o digital para um mundo sustent\u00e1vel<\/title>\n<meta name=\"description\" content=\"Uma oportunidade para conhecer os l\u00edderes da ind\u00fastria espanhola, descobrir as suas experi\u00eancias e partilhar conhecimentos. Inscreva-se no AVEVA day!\" \/>\n<meta name=\"robots\" content=\"index, follow, max-snippet:-1, max-image-preview:large, max-video-preview:-1\" \/>\n<link rel=\"canonical\" href=\"https:\/\/becolve.com\/pt-pt\/blog\/aveva-day-transformacao-digital-para-um-mundo-sustentavel\/\" \/>\n<meta property=\"og:locale\" content=\"pt_PT\" \/>\n<meta property=\"og:type\" content=\"article\" \/>\n<meta property=\"og:title\" content=\"AVEVA day: Transforma\u00e7\u00e3o digital para um mundo sustent\u00e1vel\" \/>\n<meta property=\"og:description\" content=\"Uma oportunidade para conhecer os l\u00edderes da ind\u00fastria espanhola, descobrir as suas experi\u00eancias e partilhar conhecimentos. Inscreva-se no AVEVA day!\" \/>\n<meta property=\"og:url\" content=\"https:\/\/becolve.com\/pt-pt\/blog\/aveva-day-transformacao-digital-para-um-mundo-sustentavel\/\" \/>\n<meta property=\"og:site_name\" content=\"Becolve Digital\" \/>\n<meta name=\"twitter:card\" content=\"summary_large_image\" \/>\n<meta name=\"twitter:site\" content=\"@Logitek_es\" \/>\n<meta name=\"twitter:label1\" content=\"Tempo estimado de leitura\" \/>\n\t<meta name=\"twitter:data1\" content=\"3 minutos\" \/>\n\t<meta name=\"twitter:label2\" content=\"Written by\" \/>\n\t<meta name=\"twitter:data2\" content=\"Becolve Digital\" \/>\n<script type=\"application\/ld+json\" class=\"yoast-schema-graph\">{\"@context\":\"https:\\\/\\\/schema.org\",\"@graph\":[{\"@type\":\"WebPage\",\"@id\":\"https:\\\/\\\/becolve.com\\\/pt-pt\\\/blog\\\/aveva-day-transformacao-digital-para-um-mundo-sustentavel\\\/\",\"url\":\"https:\\\/\\\/becolve.com\\\/pt-pt\\\/blog\\\/aveva-day-transformacao-digital-para-um-mundo-sustentavel\\\/\",\"name\":\"AVEVA day: Transforma\u00e7\u00e3o digital para um mundo sustent\u00e1vel\",\"isPartOf\":{\"@id\":\"https:\\\/\\\/becolve.com\\\/pt-pt\\\/#website\"},\"datePublished\":\"2025-09-17T17:57:28+00:00\",\"description\":\"Uma oportunidade para conhecer os l\u00edderes da ind\u00fastria espanhola, descobrir as suas experi\u00eancias e partilhar conhecimentos. Inscreva-se no AVEVA day!\",\"breadcrumb\":{\"@id\":\"https:\\\/\\\/becolve.com\\\/pt-pt\\\/blog\\\/aveva-day-transformacao-digital-para-um-mundo-sustentavel\\\/#breadcrumb\"},\"inLanguage\":\"pt-PT\",\"potentialAction\":[{\"@type\":\"ReadAction\",\"target\":[\"https:\\\/\\\/becolve.com\\\/pt-pt\\\/blog\\\/aveva-day-transformacao-digital-para-um-mundo-sustentavel\\\/\"]}]},{\"@type\":\"BreadcrumbList\",\"@id\":\"https:\\\/\\\/becolve.com\\\/pt-pt\\\/blog\\\/aveva-day-transformacao-digital-para-um-mundo-sustentavel\\\/#breadcrumb\",\"itemListElement\":[{\"@type\":\"ListItem\",\"position\":1,\"name\":\"Home\",\"item\":\"https:\\\/\\\/becolve.com\\\/pt-pt\\\/\"},{\"@type\":\"ListItem\",\"position\":2,\"name\":\"Blog Items\",\"item\":\"https:\\\/\\\/becolve.com\\\/pt-pt\\\/blog\\\/\"},{\"@type\":\"ListItem\",\"position\":3,\"name\":\"AVEVA day: Transforma\u00e7\u00e3o digital para um mundo sustent\u00e1vel\"}]},{\"@type\":\"WebSite\",\"@id\":\"https:\\\/\\\/becolve.com\\\/pt-pt\\\/#website\",\"url\":\"https:\\\/\\\/becolve.com\\\/pt-pt\\\/\",\"name\":\"Becolve Digital\",\"description\":\"Impulsamos la transformaci\u00f3n digital en la industria e infraestructuras\",\"publisher\":{\"@id\":\"https:\\\/\\\/becolve.com\\\/pt-pt\\\/#organization\"},\"potentialAction\":[{\"@type\":\"SearchAction\",\"target\":{\"@type\":\"EntryPoint\",\"urlTemplate\":\"https:\\\/\\\/becolve.com\\\/pt-pt\\\/?s={search_term_string}\"},\"query-input\":{\"@type\":\"PropertyValueSpecification\",\"valueRequired\":true,\"valueName\":\"search_term_string\"}}],\"inLanguage\":\"pt-PT\"},{\"@type\":\"Organization\",\"@id\":\"https:\\\/\\\/becolve.com\\\/pt-pt\\\/#organization\",\"name\":\"Becolve Digital\",\"url\":\"https:\\\/\\\/becolve.com\\\/pt-pt\\\/\",\"logo\":{\"@type\":\"ImageObject\",\"inLanguage\":\"pt-PT\",\"@id\":\"https:\\\/\\\/becolve.com\\\/pt-pt\\\/#\\\/schema\\\/logo\\\/image\\\/\",\"url\":\"https:\\\/\\\/becolve.com\\\/wp-content\\\/uploads\\\/2023\\\/04\\\/becolve-logo-h-black_200.png\",\"contentUrl\":\"https:\\\/\\\/becolve.com\\\/wp-content\\\/uploads\\\/2023\\\/04\\\/becolve-logo-h-black_200.png\",\"width\":200,\"height\":64,\"caption\":\"Becolve Digital\"},\"image\":{\"@id\":\"https:\\\/\\\/becolve.com\\\/pt-pt\\\/#\\\/schema\\\/logo\\\/image\\\/\"},\"sameAs\":[\"https:\\\/\\\/x.com\\\/Logitek_es\",\"https:\\\/\\\/www.linkedin.com\\\/company\\\/becolve-digital\\\/\"]}]}<\/script>\n<!-- \/ Yoast SEO plugin. -->","yoast_head_json":{"title":"AVEVA day: Transforma\u00e7\u00e3o digital para um mundo sustent\u00e1vel","description":"Uma oportunidade para conhecer os l\u00edderes da ind\u00fastria espanhola, descobrir as suas experi\u00eancias e partilhar conhecimentos. Inscreva-se no AVEVA day!","robots":{"index":"index","follow":"follow","max-snippet":"max-snippet:-1","max-image-preview":"max-image-preview:large","max-video-preview":"max-video-preview:-1"},"canonical":"https:\/\/becolve.com\/pt-pt\/blog\/aveva-day-transformacao-digital-para-um-mundo-sustentavel\/","og_locale":"pt_PT","og_type":"article","og_title":"AVEVA day: Transforma\u00e7\u00e3o digital para um mundo sustent\u00e1vel","og_description":"Uma oportunidade para conhecer os l\u00edderes da ind\u00fastria espanhola, descobrir as suas experi\u00eancias e partilhar conhecimentos. Inscreva-se no AVEVA day!","og_url":"https:\/\/becolve.com\/pt-pt\/blog\/aveva-day-transformacao-digital-para-um-mundo-sustentavel\/","og_site_name":"Becolve Digital","twitter_card":"summary_large_image","twitter_site":"@Logitek_es","twitter_misc":{"Tempo estimado de leitura":"3 minutos","Written by":"Becolve Digital"},"schema":{"@context":"https:\/\/schema.org","@graph":[{"@type":"WebPage","@id":"https:\/\/becolve.com\/pt-pt\/blog\/aveva-day-transformacao-digital-para-um-mundo-sustentavel\/","url":"https:\/\/becolve.com\/pt-pt\/blog\/aveva-day-transformacao-digital-para-um-mundo-sustentavel\/","name":"AVEVA day: Transforma\u00e7\u00e3o digital para um mundo sustent\u00e1vel","isPartOf":{"@id":"https:\/\/becolve.com\/pt-pt\/#website"},"datePublished":"2025-09-17T17:57:28+00:00","description":"Uma oportunidade para conhecer os l\u00edderes da ind\u00fastria espanhola, descobrir as suas experi\u00eancias e partilhar conhecimentos. Inscreva-se no AVEVA day!","breadcrumb":{"@id":"https:\/\/becolve.com\/pt-pt\/blog\/aveva-day-transformacao-digital-para-um-mundo-sustentavel\/#breadcrumb"},"inLanguage":"pt-PT","potentialAction":[{"@type":"ReadAction","target":["https:\/\/becolve.com\/pt-pt\/blog\/aveva-day-transformacao-digital-para-um-mundo-sustentavel\/"]}]},{"@type":"BreadcrumbList","@id":"https:\/\/becolve.com\/pt-pt\/blog\/aveva-day-transformacao-digital-para-um-mundo-sustentavel\/#breadcrumb","itemListElement":[{"@type":"ListItem","position":1,"name":"Home","item":"https:\/\/becolve.com\/pt-pt\/"},{"@type":"ListItem","position":2,"name":"Blog Items","item":"https:\/\/becolve.com\/pt-pt\/blog\/"},{"@type":"ListItem","position":3,"name":"AVEVA day: Transforma\u00e7\u00e3o digital para um mundo sustent\u00e1vel"}]},{"@type":"WebSite","@id":"https:\/\/becolve.com\/pt-pt\/#website","url":"https:\/\/becolve.com\/pt-pt\/","name":"Becolve Digital","description":"Impulsamos la transformaci\u00f3n digital en la industria e infraestructuras","publisher":{"@id":"https:\/\/becolve.com\/pt-pt\/#organization"},"potentialAction":[{"@type":"SearchAction","target":{"@type":"EntryPoint","urlTemplate":"https:\/\/becolve.com\/pt-pt\/?s={search_term_string}"},"query-input":{"@type":"PropertyValueSpecification","valueRequired":true,"valueName":"search_term_string"}}],"inLanguage":"pt-PT"},{"@type":"Organization","@id":"https:\/\/becolve.com\/pt-pt\/#organization","name":"Becolve Digital","url":"https:\/\/becolve.com\/pt-pt\/","logo":{"@type":"ImageObject","inLanguage":"pt-PT","@id":"https:\/\/becolve.com\/pt-pt\/#\/schema\/logo\/image\/","url":"https:\/\/becolve.com\/wp-content\/uploads\/2023\/04\/becolve-logo-h-black_200.png","contentUrl":"https:\/\/becolve.com\/wp-content\/uploads\/2023\/04\/becolve-logo-h-black_200.png","width":200,"height":64,"caption":"Becolve Digital"},"image":{"@id":"https:\/\/becolve.com\/pt-pt\/#\/schema\/logo\/image\/"},"sameAs":["https:\/\/x.com\/Logitek_es","https:\/\/www.linkedin.com\/company\/becolve-digital\/"]}]}},"_links":{"self":[{"href":"https:\/\/becolve.com\/pt-pt\/wp-json\/wp\/v2\/blog\/47930","targetHints":{"allow":["GET"]}}],"collection":[{"href":"https:\/\/becolve.com\/pt-pt\/wp-json\/wp\/v2\/blog"}],"about":[{"href":"https:\/\/becolve.com\/pt-pt\/wp-json\/wp\/v2\/types\/blog"}],"author":[{"embeddable":true,"href":"https:\/\/becolve.com\/pt-pt\/wp-json\/wp\/v2\/users\/31"}],"version-history":[{"count":0,"href":"https:\/\/becolve.com\/pt-pt\/wp-json\/wp\/v2\/blog\/47930\/revisions"}],"wp:attachment":[{"href":"https:\/\/becolve.com\/pt-pt\/wp-json\/wp\/v2\/media?parent=47930"}],"wp:term":[{"taxonomy":"category","embeddable":true,"href":"https:\/\/becolve.com\/pt-pt\/wp-json\/wp\/v2\/categories?post=47930"},{"taxonomy":"post_tag","embeddable":true,"href":"https:\/\/becolve.com\/pt-pt\/wp-json\/wp\/v2\/tags?post=47930"},{"taxonomy":"arquitectura","embeddable":true,"href":"https:\/\/becolve.com\/pt-pt\/wp-json\/wp\/v2\/arquitectura?post=47930"},{"taxonomy":"area","embeddable":true,"href":"https:\/\/becolve.com\/pt-pt\/wp-json\/wp\/v2\/area?post=47930"},{"taxonomy":"sector","embeddable":true,"href":"https:\/\/becolve.com\/pt-pt\/wp-json\/wp\/v2\/sector?post=47930"},{"taxonomy":"experto","embeddable":true,"href":"https:\/\/becolve.com\/pt-pt\/wp-json\/wp\/v2\/experto?post=47930"},{"taxonomy":"weborigen","embeddable":true,"href":"https:\/\/becolve.com\/pt-pt\/wp-json\/wp\/v2\/weborigen?post=47930"},{"taxonomy":"productos-tax","embeddable":true,"href":"https:\/\/becolve.com\/pt-pt\/wp-json\/wp\/v2\/productos-tax?post=47930"},{"taxonomy":"soluciones-tax","embeddable":true,"href":"https:\/\/becolve.com\/pt-pt\/wp-json\/wp\/v2\/soluciones-tax?post=47930"},{"taxonomy":"marcas-tax","embeddable":true,"href":"https:\/\/becolve.com\/pt-pt\/wp-json\/wp\/v2\/marcas-tax?post=47930"},{"taxonomy":"author","embeddable":true,"href":"https:\/\/becolve.com\/pt-pt\/wp-json\/wp\/v2\/coauthors?post=47930"}],"curies":[{"name":"wp","href":"https:\/\/api.w.org\/{rel}","templated":true}]}}