{"id":48169,"date":"2025-09-17T18:00:52","date_gmt":"2025-09-17T18:00:52","guid":{"rendered":"https:\/\/becolve.com\/blog\/como-e-que-a-logitek-implementa-a-defesa-dos-equipamentos\/"},"modified":"2025-09-17T18:01:05","modified_gmt":"2025-09-17T18:01:05","slug":"como-e-que-a-logitek-implementa-a-defesa-dos-equipamentos","status":"publish","type":"blog","link":"https:\/\/becolve.com\/pt-pt\/blog\/como-e-que-a-logitek-implementa-a-defesa-dos-equipamentos\/","title":{"rendered":"Como \u00e9 que a Logitek implementa a defesa dos equipamentos"},"content":{"rendered":"<p>[et_pb_section fb_built=&#8221;1&#8243; _builder_version=&#8221;3.22&#8243;][et_pb_row _builder_version=&#8221;3.25&#8243; background_size=&#8221;initial&#8221; background_position=&#8221;top_left&#8221; background_repeat=&#8221;repeat&#8221;][et_pb_column type=&#8221;4_4&#8243; _builder_version=&#8221;3.25&#8243; custom_padding=&#8221;|||&#8221; custom_padding__hover=&#8221;|||&#8221;][et_pb_text _builder_version=&#8221;4.8.1&#8243; background_size=&#8221;initial&#8221; background_position=&#8221;top_left&#8221; background_repeat=&#8221;repeat&#8221;]<\/p>\n<p class=\"p1\">As <strong>estrat\u00e9gias de defesa em profundidade<\/strong> prop\u00f5em aplicar diferentes mecanismos de prote\u00e7\u00e3o a diferentes n\u00edveis dentro de uma instala\u00e7\u00e3o ICS OT.<\/p>\n<p class=\"p1\">Em publica\u00e7\u00f5es anteriores, falou-se de <a href=\"https:\/\/www.ciberseguridadlogitek.com\/como-logitek-implementa-la-defensa-perimetral\/\" target=\"_blank\" rel=\"noopener\"><strong>como proteger os per\u00edmetros da rede<\/strong><\/a> e como aumentar o n\u00edvel de <strong><a href=\"https:\/\/www.ciberseguridadlogitek.com\/como-logitek-implementa-la-defensa-de-la-red-interna\/\" target=\"_blank\" rel=\"noopener\">prote\u00e7\u00e3o da rede interna<\/a><\/strong>. No entanto, existem amea\u00e7as que utilizam outros vetores de acesso para os seus <strong>ataques de ciberseguran\u00e7a<\/strong> (por exemplo, a utiliza\u00e7\u00e3o de suportes amov\u00edveis ou sistemas de comunica\u00e7\u00e3o &#8211; e-mail, p\u00e1ginas Web, etc.). <\/p>\n<p class=\"p1\">Por conseguinte, \u00e9 necess\u00e1rio <strong>implementar sistemas de prote\u00e7\u00e3o para os pr\u00f3prios equipamentos<\/strong> ligados no conjunto das nossas redes. Estes mecanismos devem contemplar as seguintes <strong>linhas de fortifica\u00e7\u00e3o:<\/strong> <\/p>\n<ul class=\"ul1\">\n<li class=\"li1\"><strong>Capacidade de detetar e bloquear<\/strong> as a\u00e7\u00f5es do <i>malware<\/i> conhecido.<\/li>\n<li class=\"li1\"><strong>Capacidade de proteger<\/strong> as comunica\u00e7\u00f5es de entrada e sa\u00edda do equipamento, detetando e bloqueando ataques conhecidos.<\/li>\n<li class=\"li1\"><strong>Dispor de capacidades de heur\u00edstica<\/strong> que, em fun\u00e7\u00e3o do comportamento normal do equipamento, possa detetar ataques 0-day.<\/li>\n<li class=\"li1\"><strong>Capacidade de deter a execu\u00e7\u00e3o<\/strong> de aplica\u00e7\u00f5es n\u00e3o permitidas ou <strong><i>White-Listing de aplica\u00e7\u00f5es<\/i><\/strong>.<\/li>\n<li class=\"li1\">Capacidade de <strong>alerta e reporting.<\/strong><\/li>\n<li class=\"li1\">Opcionalmente, disponham de <strong>consolas centrais de administra\u00e7\u00e3o<\/strong> para permitir a gest\u00e3o de uma multiplicidade de equipamentos de forma \u00e1gil e simult\u00e2nea.<\/li>\n<\/ul>\n<p class=\"p1\">E, desta forma, conseguir um <strong>parque de equipamentos protegidos e vigiados<\/strong> de maneira simples para evitar os principais vetores de ataque, como s\u00e3o: o <i>malware<\/i> e\/ou a explora\u00e7\u00e3o de vulnerabilidades n\u00e3o corrigidas.<\/p>\n<p class=\"p1\">\u00c9 importante real\u00e7ar a <strong>necessidade de proteger os ativos de vulnerabilidades n\u00e3o corrigidas, ou<\/strong> \u201cvirtual patching\u201d. A instala\u00e7\u00e3o de patches nos sistemas base dos equipamentos no mundo OT costuma ser uma das principais dores de cabe\u00e7a dos respons\u00e1veis pela ciberseguran\u00e7a. A instala\u00e7\u00e3o de patches tem riscos inerentes: <\/p>\n<ul class=\"ul1\">\n<li class=\"li1\"><strong>Os patches podem mudar o comportamento do sistema base<\/strong> e, por sua vez, pode comprometer o correto funcionamento das aplica\u00e7\u00f5es industriais que se executam sobre este. Por conseguinte, antes de instalar qualquer patch, deve assegurar-se de que este \u00e9 suportado pelo software industrial. <\/li>\n<li class=\"li1\"><strong>A instala\u00e7\u00e3o dos patches costuma requerer rein\u00edcios<\/strong> dos equipamentos. Este facto obriga, em muitos casos, a que a aplica\u00e7\u00e3o de patches se realize durante paragens programadas de manuten\u00e7\u00e3o, que n\u00e3o costumam ser muito frequentes, pelo que o equipamento fica exposto durante semanas\/meses\/anos? a essa vulnerabilidade.  <\/li>\n<li class=\"li1\"><strong>N\u00e3o aplicar o patch<\/strong> = aumentar a superf\u00edcie de exposi\u00e7\u00e3o do equipamento a eventuais ataques inform\u00e1ticos.<\/li>\n<\/ul>\n<p><img loading=\"lazy\" decoding=\"async\" class=\"size-full wp-image-28943 aligncenter\" src=\"https:\/\/becolve.com\/wp-content\/uploads\/2023\/04\/ciberseguridad-2.jpg\" alt=\"prote\u00e7\u00e3o de ciberseguran\u00e7a industrial de equipamentos\" width=\"800\" height=\"400\"><\/p>\n<p class=\"p1\">A prote\u00e7\u00e3o dos equipamentos baseados em \u201c<b>virtual patching<\/b>\u201d permite <strong>reduzir drasticamente o fator de exposi\u00e7\u00e3o<\/strong> do equipamento, assim como o tempo em que este se encontra em risco pela falta de instala\u00e7\u00e3o de patches, sem os inconvenientes de instalar esses patches.<\/p>\n<p class=\"p1\"><strong>Em ambientes industriais, os equipamentos existem porque t\u00eam uma fun\u00e7\u00e3o expl\u00edcita e esta costuma estar<\/strong> implementada num conjunto reduzido e limitado de aplica\u00e7\u00f5es. Nestes casos, a prote\u00e7\u00e3o dos equipamentos inform\u00e1ticos em OT pode aumentar-se ainda mais utilizando sistemas que restrinjam que aplica\u00e7\u00f5es est\u00e3o permitidas de executar-se. <\/p>\n<p class=\"p1\"><strong>Gerar uma lista das aplica\u00e7\u00f5es que o equipamento<\/strong> pode colocar em mem\u00f3ria para serem executadas (<i>whitelist<\/i>) e evitar que qualquer outro c\u00f3digo se execute, malicioso ou n\u00e3o, evita a infe\u00e7\u00e3o e <strong>propaga\u00e7\u00e3o de <i>malware<\/i><\/strong> de forma f\u00e1cil e eficaz, al\u00e9m de evitar que certos equipamentos se utilizem para fins n\u00e3o concebidos.<\/p>\n<p class=\"p1\"><strong>A utiliza\u00e7\u00e3o de listas brancas \u00e9 muito \u00fatil<\/strong> em ambientes OT, j\u00e1 que estas solu\u00e7\u00f5es n\u00e3o costumam requerer nem o rein\u00edcio nem a atualiza\u00e7\u00e3o de nenhum tipo para funcionar corretamente, pelo que nos permite proteger o equipamento sem introduzir paragens de atualiza\u00e7\u00e3o ou de manuten\u00e7\u00e3o.<\/p>\n<p class=\"p1\">Na Logitek, <strong>dispomos de tecnologias<\/strong> que oferecem estas capacidades de prote\u00e7\u00e3o, oferecendo aos equipamentos finais:<\/p>\n<ul class=\"ul1\">\n<li class=\"li1\"><strong>Dete\u00e7\u00e3o e elimina\u00e7\u00e3o<\/strong> de diferentes tipos de <i>malware<\/i> (v\u00edrus, troianos, worms, amea\u00e7as Web, etc.).<\/li>\n<li class=\"li1\"><strong>Redu\u00e7\u00e3o do fator de exposi\u00e7\u00e3o<\/strong> \u00e0 rede, detetando amea\u00e7as, ataques de nega\u00e7\u00e3o de servi\u00e7os ou scans de reconhecimento.<\/li>\n<li class=\"li1\"><strong>Dete\u00e7\u00e3o de altera\u00e7\u00f5es n\u00e3o autorizadas<\/strong> de ficheiros, de registo, diret\u00f3rios, etc.<\/li>\n<li class=\"li1\"><strong>Controlo sobre as aplica\u00e7\u00f5es<\/strong> que podem ou n\u00e3o executar-se no equipamento.<\/li>\n<li class=\"li1\"><strong>Dete\u00e7\u00e3o e bloqueio<\/strong> de ataques a vulnerabilidades 0-day (<i>virtual patching<\/i>).<\/li>\n<\/ul>\n<p class=\"p4\"><b>Para mais informa\u00e7\u00f5es, n\u00e3o hesite em contactar-nos.<\/b><\/p>\n<p>[\/et_pb_text][et_pb_button button_url=&#8221;https:\/\/www.ciberseguridadlogitek.com\/contacto\/&#8221; button_text=&#8221;Contacte-nos&#8221; button_alignment=&#8221;center&#8221; _builder_version=&#8221;4.8.1&#8243; _module_preset=&#8221;default&#8221;][\/et_pb_button][et_pb_text _builder_version=&#8221;4.9.4&#8243; _module_preset=&#8221;default&#8221;]<\/p>\n<p><strong>Links relacionados com defesa em profundidade<\/strong><\/p>\n<ul>\n<li><a href=\"https:\/\/www.ciberseguridadlogitek.com\/estrategia-de-defensa-en-profundidad-en-ciberseguridad-industrial\/\" target=\"_blank\" rel=\"noopener\">Estrat\u00e9gia de defesa em profundidade em ciberseguran\u00e7a industrial.<\/a><\/li>\n<li><a href=\"https:\/\/www.ciberseguridadlogitek.com\/como-logitek-implementa-la-defensa-perimetral\/\" target=\"_blank\" rel=\"noopener\">Como a Logitek implementa a defesa perimetral.<\/a><\/li>\n<li><a href=\"https:\/\/www.ciberseguridadlogitek.com\/como-logitek-implementa-la-defensa-de-la-red-interna\/\" target=\"_blank\" rel=\"noopener\">Como a Logitek implementa a defesa da rede interna.<\/a><\/li>\n<li><a href=\"https:\/\/logitek.es\/defensa-profundidad-ot-industria\/\" target=\"_blank\" rel=\"noopener\">Defesa em profundidade.<\/a><\/li>\n<li><a href=\"https:\/\/www.ciberseguridadlogitek.com\/como-logitek-implementa-la-defensa-de-los-datos\/\" target=\"_blank\" rel=\"noopener\">Como a Logitek implementa a defesa dos dados.<\/a><\/li>\n<\/ul>\n<p>[\/et_pb_text][\/et_pb_column][\/et_pb_row][\/et_pb_section]<\/p>\n","protected":false},"excerpt":{"rendered":"<p>Existem amea\u00e7as que utilizam diferentes vetores de acesso para os seus ataques de ciberseguran\u00e7a. Explicamos-lhe como implementar a defesa dos equipamentos industriais<\/p>\n","protected":false},"author":31,"featured_media":48171,"menu_order":0,"template":"","categories":[969],"tags":[],"arquitectura":[1838],"area":[],"sector":[],"experto":[203],"weborigen":[157],"productos-tax":[],"soluciones-tax":[],"marcas-tax":[],"coauthors":[],"class_list":["post-48169","blog","type-blog","status-publish","has-post-thumbnail","hentry","category-ciberseguranca","arquitectura-ciberseguranca-industrial","experto-ciberseguranca-industrial-disponibilidade-total","weborigen-ciberseguridadlogitek-com"],"acf":[],"yoast_head":"<!-- This site is optimized with the Yoast SEO plugin v28.3 - https:\/\/yoast.com\/product\/yoast-seo-wordpress\/ -->\n<title>Como \u00e9 que a Logitek implementa a defesa dos equipamentos<\/title>\n<meta name=\"description\" content=\"Existem amea\u00e7as que utilizam outros vetores de acesso para os seus ataques de ciberseguran\u00e7a. Como implementar a defesa dos equipamentos?\" \/>\n<meta name=\"robots\" content=\"index, follow, max-snippet:-1, max-image-preview:large, max-video-preview:-1\" \/>\n<link rel=\"canonical\" href=\"https:\/\/becolve.com\/pt-pt\/blog\/como-e-que-a-logitek-implementa-a-defesa-dos-equipamentos\/\" \/>\n<meta property=\"og:locale\" content=\"pt_PT\" \/>\n<meta property=\"og:type\" content=\"article\" \/>\n<meta property=\"og:title\" content=\"Como \u00e9 que a Logitek implementa a defesa dos equipamentos\" \/>\n<meta property=\"og:description\" content=\"Existem amea\u00e7as que utilizam outros vetores de acesso para os seus ataques de ciberseguran\u00e7a. Como implementar a defesa dos equipamentos?\" \/>\n<meta property=\"og:url\" content=\"https:\/\/becolve.com\/pt-pt\/blog\/como-e-que-a-logitek-implementa-a-defesa-dos-equipamentos\/\" \/>\n<meta property=\"og:site_name\" content=\"Becolve Digital\" \/>\n<meta property=\"article:modified_time\" content=\"2025-09-17T18:01:05+00:00\" \/>\n<meta property=\"og:image\" content=\"https:\/\/becolve.com\/wp-content\/uploads\/2023\/04\/proteccion-equipos.jpg\" \/>\n\t<meta property=\"og:image:width\" content=\"800\" \/>\n\t<meta property=\"og:image:height\" content=\"400\" \/>\n\t<meta property=\"og:image:type\" content=\"image\/jpeg\" \/>\n<meta name=\"twitter:card\" content=\"summary_large_image\" \/>\n<meta name=\"twitter:site\" content=\"@Logitek_es\" \/>\n<meta name=\"twitter:label1\" content=\"Tempo estimado de leitura\" \/>\n\t<meta name=\"twitter:data1\" content=\"4 minutos\" \/>\n\t<meta name=\"twitter:label2\" content=\"Written by\" \/>\n\t<meta name=\"twitter:data2\" content=\"Becolve Digital\" \/>\n<script type=\"application\/ld+json\" class=\"yoast-schema-graph\">{\"@context\":\"https:\\\/\\\/schema.org\",\"@graph\":[{\"@type\":\"WebPage\",\"@id\":\"https:\\\/\\\/becolve.com\\\/pt-pt\\\/blog\\\/como-e-que-a-logitek-implementa-a-defesa-dos-equipamentos\\\/\",\"url\":\"https:\\\/\\\/becolve.com\\\/pt-pt\\\/blog\\\/como-e-que-a-logitek-implementa-a-defesa-dos-equipamentos\\\/\",\"name\":\"Como \u00e9 que a Logitek implementa a defesa dos equipamentos\",\"isPartOf\":{\"@id\":\"https:\\\/\\\/becolve.com\\\/pt-pt\\\/#website\"},\"primaryImageOfPage\":{\"@id\":\"https:\\\/\\\/becolve.com\\\/pt-pt\\\/blog\\\/como-e-que-a-logitek-implementa-a-defesa-dos-equipamentos\\\/#primaryimage\"},\"image\":{\"@id\":\"https:\\\/\\\/becolve.com\\\/pt-pt\\\/blog\\\/como-e-que-a-logitek-implementa-a-defesa-dos-equipamentos\\\/#primaryimage\"},\"thumbnailUrl\":\"https:\\\/\\\/becolve.com\\\/wp-content\\\/uploads\\\/2023\\\/04\\\/proteccion-equipos.jpg\",\"datePublished\":\"2025-09-17T18:00:52+00:00\",\"dateModified\":\"2025-09-17T18:01:05+00:00\",\"description\":\"Existem amea\u00e7as que utilizam outros vetores de acesso para os seus ataques de ciberseguran\u00e7a. Como implementar a defesa dos equipamentos?\",\"breadcrumb\":{\"@id\":\"https:\\\/\\\/becolve.com\\\/pt-pt\\\/blog\\\/como-e-que-a-logitek-implementa-a-defesa-dos-equipamentos\\\/#breadcrumb\"},\"inLanguage\":\"pt-PT\",\"potentialAction\":[{\"@type\":\"ReadAction\",\"target\":[\"https:\\\/\\\/becolve.com\\\/pt-pt\\\/blog\\\/como-e-que-a-logitek-implementa-a-defesa-dos-equipamentos\\\/\"]}]},{\"@type\":\"ImageObject\",\"inLanguage\":\"pt-PT\",\"@id\":\"https:\\\/\\\/becolve.com\\\/pt-pt\\\/blog\\\/como-e-que-a-logitek-implementa-a-defesa-dos-equipamentos\\\/#primaryimage\",\"url\":\"https:\\\/\\\/becolve.com\\\/wp-content\\\/uploads\\\/2023\\\/04\\\/proteccion-equipos.jpg\",\"contentUrl\":\"https:\\\/\\\/becolve.com\\\/wp-content\\\/uploads\\\/2023\\\/04\\\/proteccion-equipos.jpg\",\"width\":800,\"height\":400},{\"@type\":\"BreadcrumbList\",\"@id\":\"https:\\\/\\\/becolve.com\\\/pt-pt\\\/blog\\\/como-e-que-a-logitek-implementa-a-defesa-dos-equipamentos\\\/#breadcrumb\",\"itemListElement\":[{\"@type\":\"ListItem\",\"position\":1,\"name\":\"Home\",\"item\":\"https:\\\/\\\/becolve.com\\\/pt-pt\\\/\"},{\"@type\":\"ListItem\",\"position\":2,\"name\":\"Blog Items\",\"item\":\"https:\\\/\\\/becolve.com\\\/pt-pt\\\/blog\\\/\"},{\"@type\":\"ListItem\",\"position\":3,\"name\":\"Como \u00e9 que a Logitek implementa a defesa dos equipamentos\"}]},{\"@type\":\"WebSite\",\"@id\":\"https:\\\/\\\/becolve.com\\\/pt-pt\\\/#website\",\"url\":\"https:\\\/\\\/becolve.com\\\/pt-pt\\\/\",\"name\":\"Becolve Digital\",\"description\":\"Impulsamos la transformaci\u00f3n digital en la industria e infraestructuras\",\"publisher\":{\"@id\":\"https:\\\/\\\/becolve.com\\\/pt-pt\\\/#organization\"},\"potentialAction\":[{\"@type\":\"SearchAction\",\"target\":{\"@type\":\"EntryPoint\",\"urlTemplate\":\"https:\\\/\\\/becolve.com\\\/pt-pt\\\/?s={search_term_string}\"},\"query-input\":{\"@type\":\"PropertyValueSpecification\",\"valueRequired\":true,\"valueName\":\"search_term_string\"}}],\"inLanguage\":\"pt-PT\"},{\"@type\":\"Organization\",\"@id\":\"https:\\\/\\\/becolve.com\\\/pt-pt\\\/#organization\",\"name\":\"Becolve Digital\",\"url\":\"https:\\\/\\\/becolve.com\\\/pt-pt\\\/\",\"logo\":{\"@type\":\"ImageObject\",\"inLanguage\":\"pt-PT\",\"@id\":\"https:\\\/\\\/becolve.com\\\/pt-pt\\\/#\\\/schema\\\/logo\\\/image\\\/\",\"url\":\"https:\\\/\\\/becolve.com\\\/wp-content\\\/uploads\\\/2023\\\/04\\\/becolve-logo-h-black_200.png\",\"contentUrl\":\"https:\\\/\\\/becolve.com\\\/wp-content\\\/uploads\\\/2023\\\/04\\\/becolve-logo-h-black_200.png\",\"width\":200,\"height\":64,\"caption\":\"Becolve Digital\"},\"image\":{\"@id\":\"https:\\\/\\\/becolve.com\\\/pt-pt\\\/#\\\/schema\\\/logo\\\/image\\\/\"},\"sameAs\":[\"https:\\\/\\\/x.com\\\/Logitek_es\",\"https:\\\/\\\/www.linkedin.com\\\/company\\\/becolve-digital\\\/\"]}]}<\/script>\n<!-- \/ Yoast SEO plugin. -->","yoast_head_json":{"title":"Como \u00e9 que a Logitek implementa a defesa dos equipamentos","description":"Existem amea\u00e7as que utilizam outros vetores de acesso para os seus ataques de ciberseguran\u00e7a. Como implementar a defesa dos equipamentos?","robots":{"index":"index","follow":"follow","max-snippet":"max-snippet:-1","max-image-preview":"max-image-preview:large","max-video-preview":"max-video-preview:-1"},"canonical":"https:\/\/becolve.com\/pt-pt\/blog\/como-e-que-a-logitek-implementa-a-defesa-dos-equipamentos\/","og_locale":"pt_PT","og_type":"article","og_title":"Como \u00e9 que a Logitek implementa a defesa dos equipamentos","og_description":"Existem amea\u00e7as que utilizam outros vetores de acesso para os seus ataques de ciberseguran\u00e7a. Como implementar a defesa dos equipamentos?","og_url":"https:\/\/becolve.com\/pt-pt\/blog\/como-e-que-a-logitek-implementa-a-defesa-dos-equipamentos\/","og_site_name":"Becolve Digital","article_modified_time":"2025-09-17T18:01:05+00:00","og_image":[{"width":800,"height":400,"url":"https:\/\/becolve.com\/wp-content\/uploads\/2023\/04\/proteccion-equipos.jpg","type":"image\/jpeg"}],"twitter_card":"summary_large_image","twitter_site":"@Logitek_es","twitter_misc":{"Tempo estimado de leitura":"4 minutos","Written by":"Becolve Digital"},"schema":{"@context":"https:\/\/schema.org","@graph":[{"@type":"WebPage","@id":"https:\/\/becolve.com\/pt-pt\/blog\/como-e-que-a-logitek-implementa-a-defesa-dos-equipamentos\/","url":"https:\/\/becolve.com\/pt-pt\/blog\/como-e-que-a-logitek-implementa-a-defesa-dos-equipamentos\/","name":"Como \u00e9 que a Logitek implementa a defesa dos equipamentos","isPartOf":{"@id":"https:\/\/becolve.com\/pt-pt\/#website"},"primaryImageOfPage":{"@id":"https:\/\/becolve.com\/pt-pt\/blog\/como-e-que-a-logitek-implementa-a-defesa-dos-equipamentos\/#primaryimage"},"image":{"@id":"https:\/\/becolve.com\/pt-pt\/blog\/como-e-que-a-logitek-implementa-a-defesa-dos-equipamentos\/#primaryimage"},"thumbnailUrl":"https:\/\/becolve.com\/wp-content\/uploads\/2023\/04\/proteccion-equipos.jpg","datePublished":"2025-09-17T18:00:52+00:00","dateModified":"2025-09-17T18:01:05+00:00","description":"Existem amea\u00e7as que utilizam outros vetores de acesso para os seus ataques de ciberseguran\u00e7a. Como implementar a defesa dos equipamentos?","breadcrumb":{"@id":"https:\/\/becolve.com\/pt-pt\/blog\/como-e-que-a-logitek-implementa-a-defesa-dos-equipamentos\/#breadcrumb"},"inLanguage":"pt-PT","potentialAction":[{"@type":"ReadAction","target":["https:\/\/becolve.com\/pt-pt\/blog\/como-e-que-a-logitek-implementa-a-defesa-dos-equipamentos\/"]}]},{"@type":"ImageObject","inLanguage":"pt-PT","@id":"https:\/\/becolve.com\/pt-pt\/blog\/como-e-que-a-logitek-implementa-a-defesa-dos-equipamentos\/#primaryimage","url":"https:\/\/becolve.com\/wp-content\/uploads\/2023\/04\/proteccion-equipos.jpg","contentUrl":"https:\/\/becolve.com\/wp-content\/uploads\/2023\/04\/proteccion-equipos.jpg","width":800,"height":400},{"@type":"BreadcrumbList","@id":"https:\/\/becolve.com\/pt-pt\/blog\/como-e-que-a-logitek-implementa-a-defesa-dos-equipamentos\/#breadcrumb","itemListElement":[{"@type":"ListItem","position":1,"name":"Home","item":"https:\/\/becolve.com\/pt-pt\/"},{"@type":"ListItem","position":2,"name":"Blog Items","item":"https:\/\/becolve.com\/pt-pt\/blog\/"},{"@type":"ListItem","position":3,"name":"Como \u00e9 que a Logitek implementa a defesa dos equipamentos"}]},{"@type":"WebSite","@id":"https:\/\/becolve.com\/pt-pt\/#website","url":"https:\/\/becolve.com\/pt-pt\/","name":"Becolve Digital","description":"Impulsamos la transformaci\u00f3n digital en la industria e infraestructuras","publisher":{"@id":"https:\/\/becolve.com\/pt-pt\/#organization"},"potentialAction":[{"@type":"SearchAction","target":{"@type":"EntryPoint","urlTemplate":"https:\/\/becolve.com\/pt-pt\/?s={search_term_string}"},"query-input":{"@type":"PropertyValueSpecification","valueRequired":true,"valueName":"search_term_string"}}],"inLanguage":"pt-PT"},{"@type":"Organization","@id":"https:\/\/becolve.com\/pt-pt\/#organization","name":"Becolve Digital","url":"https:\/\/becolve.com\/pt-pt\/","logo":{"@type":"ImageObject","inLanguage":"pt-PT","@id":"https:\/\/becolve.com\/pt-pt\/#\/schema\/logo\/image\/","url":"https:\/\/becolve.com\/wp-content\/uploads\/2023\/04\/becolve-logo-h-black_200.png","contentUrl":"https:\/\/becolve.com\/wp-content\/uploads\/2023\/04\/becolve-logo-h-black_200.png","width":200,"height":64,"caption":"Becolve Digital"},"image":{"@id":"https:\/\/becolve.com\/pt-pt\/#\/schema\/logo\/image\/"},"sameAs":["https:\/\/x.com\/Logitek_es","https:\/\/www.linkedin.com\/company\/becolve-digital\/"]}]}},"_links":{"self":[{"href":"https:\/\/becolve.com\/pt-pt\/wp-json\/wp\/v2\/blog\/48169","targetHints":{"allow":["GET"]}}],"collection":[{"href":"https:\/\/becolve.com\/pt-pt\/wp-json\/wp\/v2\/blog"}],"about":[{"href":"https:\/\/becolve.com\/pt-pt\/wp-json\/wp\/v2\/types\/blog"}],"author":[{"embeddable":true,"href":"https:\/\/becolve.com\/pt-pt\/wp-json\/wp\/v2\/users\/31"}],"version-history":[{"count":0,"href":"https:\/\/becolve.com\/pt-pt\/wp-json\/wp\/v2\/blog\/48169\/revisions"}],"wp:featuredmedia":[{"embeddable":true,"href":"https:\/\/becolve.com\/pt-pt\/wp-json\/wp\/v2\/media\/48171"}],"wp:attachment":[{"href":"https:\/\/becolve.com\/pt-pt\/wp-json\/wp\/v2\/media?parent=48169"}],"wp:term":[{"taxonomy":"category","embeddable":true,"href":"https:\/\/becolve.com\/pt-pt\/wp-json\/wp\/v2\/categories?post=48169"},{"taxonomy":"post_tag","embeddable":true,"href":"https:\/\/becolve.com\/pt-pt\/wp-json\/wp\/v2\/tags?post=48169"},{"taxonomy":"arquitectura","embeddable":true,"href":"https:\/\/becolve.com\/pt-pt\/wp-json\/wp\/v2\/arquitectura?post=48169"},{"taxonomy":"area","embeddable":true,"href":"https:\/\/becolve.com\/pt-pt\/wp-json\/wp\/v2\/area?post=48169"},{"taxonomy":"sector","embeddable":true,"href":"https:\/\/becolve.com\/pt-pt\/wp-json\/wp\/v2\/sector?post=48169"},{"taxonomy":"experto","embeddable":true,"href":"https:\/\/becolve.com\/pt-pt\/wp-json\/wp\/v2\/experto?post=48169"},{"taxonomy":"weborigen","embeddable":true,"href":"https:\/\/becolve.com\/pt-pt\/wp-json\/wp\/v2\/weborigen?post=48169"},{"taxonomy":"productos-tax","embeddable":true,"href":"https:\/\/becolve.com\/pt-pt\/wp-json\/wp\/v2\/productos-tax?post=48169"},{"taxonomy":"soluciones-tax","embeddable":true,"href":"https:\/\/becolve.com\/pt-pt\/wp-json\/wp\/v2\/soluciones-tax?post=48169"},{"taxonomy":"marcas-tax","embeddable":true,"href":"https:\/\/becolve.com\/pt-pt\/wp-json\/wp\/v2\/marcas-tax?post=48169"},{"taxonomy":"author","embeddable":true,"href":"https:\/\/becolve.com\/pt-pt\/wp-json\/wp\/v2\/coauthors?post=48169"}],"curies":[{"name":"wp","href":"https:\/\/api.w.org\/{rel}","templated":true}]}}