{"id":48191,"date":"2025-09-17T18:01:02","date_gmt":"2025-09-17T18:01:02","guid":{"rendered":"https:\/\/becolve.com\/blog\/a-logitek-participara-no-marketplace-de-solucoes-da-industria-4-0\/"},"modified":"2025-09-17T18:01:02","modified_gmt":"2025-09-17T18:01:02","slug":"a-logitek-participara-no-marketplace-de-solucoes-da-industria-4-0","status":"publish","type":"blog","link":"https:\/\/becolve.com\/pt-pt\/blog\/a-logitek-participara-no-marketplace-de-solucoes-da-industria-4-0\/","title":{"rendered":"A Logitek participar\u00e1 no Marketplace de solu\u00e7\u00f5es da Ind\u00fastria 4.0"},"content":{"rendered":"<p><img loading=\"lazy\" decoding=\"async\" class=\"size-full wp-image-9144 aligncenter\" src=\"https:\/\/becolve.com\/wp-content\/uploads\/2023\/04\/marketplace.jpg\" alt=\"semin\u00e1rio virtual ind\u00fastria 4.0\" width=\"800\" height=\"400\"><\/p>\n<p>O <strong>Marketplace de solu\u00e7\u00f5es da Ind\u00fastria 4.0<\/strong> \u00e9 um semin\u00e1rio virtual orientado para dar a conhecer as <strong>solu\u00e7\u00f5es de ind\u00fastria 4.0<\/strong> propostas para as necessidades espec\u00edficas identificadas por parte de empresas industriais. Dentro desse \u00e2mbito, permitir\u00e1 visualizar diferentes solu\u00e7\u00f5es reais no \u00e2mbito da Ind\u00fastria 4.0 dispon\u00edveis atualmente <strong>na Catalunha e aplicadas ao setor industrial.<\/strong> <\/p>\n<p>A participa\u00e7\u00e3o da <strong>Logitek<\/strong> ser\u00e1 a cargo de <strong>Santiago Ram\u00edrez<\/strong> mediante uma apresenta\u00e7\u00e3o na qual explicar\u00e1 as solu\u00e7\u00f5es Logitek &amp; Wonderware no campo da <strong>automatiza\u00e7\u00e3o, sensoriza\u00e7\u00e3o e digitaliza\u00e7\u00e3o de processos de monitoriza\u00e7\u00e3o e controlo.<\/strong><\/p>\n<p>O semin\u00e1rio virtual \u00e9 organizado por <a href=\"https:\/\/www.accio.gencat.cat\/ca\/inici\/\">ACCI\u00d3<\/a> e <a href=\"https:\/\/www.domotys.org\/cluster-de-las-tecnologias-inteligentes\/\">Domotys<\/a>, ser\u00e1 no dia <strong>2 de novembro<\/strong>, das 09:30 h \u00e0s 12:00 h. Esperamos por si! <\/p>\n","protected":false},"excerpt":{"rendered":"<p>A participa\u00e7\u00e3o da Logitek ser\u00e1 a cargo de Santiago Ram\u00edrez mediante uma apresenta\u00e7\u00e3o na qual explicar\u00e1 as nossas solu\u00e7\u00f5es de automatiza\u00e7\u00e3o, sensoriza\u00e7\u00e3o e digitaliza\u00e7\u00e3o de processos de monitoriza\u00e7\u00e3o e controlo.<\/p>\n","protected":false},"author":31,"featured_media":48193,"menu_order":0,"template":"","categories":[958,988],"tags":[1012],"arquitectura":[],"area":[],"sector":[],"experto":[207],"weborigen":[29],"productos-tax":[],"soluciones-tax":[],"marcas-tax":[],"coauthors":[],"class_list":["post-48191","blog","type-blog","status-publish","has-post-thumbnail","hentry","category-evolucao-digital","category-noticias","tag-industria-4-0","experto-transformacao-industrial-digital","weborigen-logitek-es"],"acf":[],"yoast_head":"<!-- This site is optimized with the Yoast SEO plugin v28.3 - https:\/\/yoast.com\/product\/yoast-seo-wordpress\/ -->\n<title>A Logitek participar\u00e1 no Marketplace de solu\u00e7\u00f5es da Ind\u00fastria 4.0<\/title>\n<meta name=\"description\" content=\"semin\u00e1rio virtual orientado para dar a conhecer as solu\u00e7\u00f5es de ind\u00fastria 4.0 propostas para as necessidades espec\u00edficas identificadas por parte de empresas industriais\" \/>\n<meta name=\"robots\" content=\"index, follow, max-snippet:-1, max-image-preview:large, max-video-preview:-1\" \/>\n<link rel=\"canonical\" href=\"https:\/\/becolve.com\/pt-pt\/blog\/a-logitek-participara-no-marketplace-de-solucoes-da-industria-4-0\/\" \/>\n<meta property=\"og:locale\" content=\"pt_PT\" \/>\n<meta property=\"og:type\" content=\"article\" \/>\n<meta property=\"og:title\" content=\"A Logitek participar\u00e1 no Marketplace de solu\u00e7\u00f5es da Ind\u00fastria 4.0\" \/>\n<meta property=\"og:description\" content=\"semin\u00e1rio virtual orientado para dar a conhecer as solu\u00e7\u00f5es de ind\u00fastria 4.0 propostas para as necessidades espec\u00edficas identificadas por parte de empresas industriais\" \/>\n<meta property=\"og:url\" content=\"https:\/\/becolve.com\/pt-pt\/blog\/a-logitek-participara-no-marketplace-de-solucoes-da-industria-4-0\/\" \/>\n<meta property=\"og:site_name\" content=\"Becolve Digital\" \/>\n<meta property=\"og:image\" content=\"https:\/\/becolve.com\/wp-content\/uploads\/2023\/04\/semianri-virtual.jpg\" \/>\n\t<meta property=\"og:image:width\" content=\"800\" \/>\n\t<meta property=\"og:image:height\" content=\"400\" \/>\n\t<meta property=\"og:image:type\" content=\"image\/jpeg\" \/>\n<meta name=\"twitter:card\" content=\"summary_large_image\" \/>\n<meta name=\"twitter:site\" content=\"@Logitek_es\" \/>\n<meta name=\"twitter:label1\" content=\"Tempo estimado de leitura\" \/>\n\t<meta name=\"twitter:data1\" content=\"1 minuto\" \/>\n\t<meta name=\"twitter:label2\" content=\"Written by\" \/>\n\t<meta name=\"twitter:data2\" content=\"Becolve Digital\" \/>\n<script type=\"application\/ld+json\" class=\"yoast-schema-graph\">{\"@context\":\"https:\\\/\\\/schema.org\",\"@graph\":[{\"@type\":\"WebPage\",\"@id\":\"https:\\\/\\\/becolve.com\\\/pt-pt\\\/blog\\\/a-logitek-participara-no-marketplace-de-solucoes-da-industria-4-0\\\/\",\"url\":\"https:\\\/\\\/becolve.com\\\/pt-pt\\\/blog\\\/a-logitek-participara-no-marketplace-de-solucoes-da-industria-4-0\\\/\",\"name\":\"A Logitek participar\u00e1 no Marketplace de solu\u00e7\u00f5es da Ind\u00fastria 4.0\",\"isPartOf\":{\"@id\":\"https:\\\/\\\/becolve.com\\\/pt-pt\\\/#website\"},\"primaryImageOfPage\":{\"@id\":\"https:\\\/\\\/becolve.com\\\/pt-pt\\\/blog\\\/a-logitek-participara-no-marketplace-de-solucoes-da-industria-4-0\\\/#primaryimage\"},\"image\":{\"@id\":\"https:\\\/\\\/becolve.com\\\/pt-pt\\\/blog\\\/a-logitek-participara-no-marketplace-de-solucoes-da-industria-4-0\\\/#primaryimage\"},\"thumbnailUrl\":\"https:\\\/\\\/becolve.com\\\/wp-content\\\/uploads\\\/2023\\\/04\\\/semianri-virtual.jpg\",\"datePublished\":\"2025-09-17T18:01:02+00:00\",\"description\":\"semin\u00e1rio virtual orientado para dar a conhecer as solu\u00e7\u00f5es de ind\u00fastria 4.0 propostas para as necessidades espec\u00edficas identificadas por parte de empresas industriais\",\"breadcrumb\":{\"@id\":\"https:\\\/\\\/becolve.com\\\/pt-pt\\\/blog\\\/a-logitek-participara-no-marketplace-de-solucoes-da-industria-4-0\\\/#breadcrumb\"},\"inLanguage\":\"pt-PT\",\"potentialAction\":[{\"@type\":\"ReadAction\",\"target\":[\"https:\\\/\\\/becolve.com\\\/pt-pt\\\/blog\\\/a-logitek-participara-no-marketplace-de-solucoes-da-industria-4-0\\\/\"]}]},{\"@type\":\"ImageObject\",\"inLanguage\":\"pt-PT\",\"@id\":\"https:\\\/\\\/becolve.com\\\/pt-pt\\\/blog\\\/a-logitek-participara-no-marketplace-de-solucoes-da-industria-4-0\\\/#primaryimage\",\"url\":\"https:\\\/\\\/becolve.com\\\/wp-content\\\/uploads\\\/2023\\\/04\\\/semianri-virtual.jpg\",\"contentUrl\":\"https:\\\/\\\/becolve.com\\\/wp-content\\\/uploads\\\/2023\\\/04\\\/semianri-virtual.jpg\",\"width\":800,\"height\":400},{\"@type\":\"BreadcrumbList\",\"@id\":\"https:\\\/\\\/becolve.com\\\/pt-pt\\\/blog\\\/a-logitek-participara-no-marketplace-de-solucoes-da-industria-4-0\\\/#breadcrumb\",\"itemListElement\":[{\"@type\":\"ListItem\",\"position\":1,\"name\":\"Home\",\"item\":\"https:\\\/\\\/becolve.com\\\/pt-pt\\\/\"},{\"@type\":\"ListItem\",\"position\":2,\"name\":\"Blog Items\",\"item\":\"https:\\\/\\\/becolve.com\\\/pt-pt\\\/blog\\\/\"},{\"@type\":\"ListItem\",\"position\":3,\"name\":\"A Logitek participar\u00e1 no Marketplace de solu\u00e7\u00f5es da Ind\u00fastria 4.0\"}]},{\"@type\":\"WebSite\",\"@id\":\"https:\\\/\\\/becolve.com\\\/pt-pt\\\/#website\",\"url\":\"https:\\\/\\\/becolve.com\\\/pt-pt\\\/\",\"name\":\"Becolve Digital\",\"description\":\"Impulsamos la transformaci\u00f3n digital en la industria e infraestructuras\",\"publisher\":{\"@id\":\"https:\\\/\\\/becolve.com\\\/pt-pt\\\/#organization\"},\"potentialAction\":[{\"@type\":\"SearchAction\",\"target\":{\"@type\":\"EntryPoint\",\"urlTemplate\":\"https:\\\/\\\/becolve.com\\\/pt-pt\\\/?s={search_term_string}\"},\"query-input\":{\"@type\":\"PropertyValueSpecification\",\"valueRequired\":true,\"valueName\":\"search_term_string\"}}],\"inLanguage\":\"pt-PT\"},{\"@type\":\"Organization\",\"@id\":\"https:\\\/\\\/becolve.com\\\/pt-pt\\\/#organization\",\"name\":\"Becolve Digital\",\"url\":\"https:\\\/\\\/becolve.com\\\/pt-pt\\\/\",\"logo\":{\"@type\":\"ImageObject\",\"inLanguage\":\"pt-PT\",\"@id\":\"https:\\\/\\\/becolve.com\\\/pt-pt\\\/#\\\/schema\\\/logo\\\/image\\\/\",\"url\":\"https:\\\/\\\/becolve.com\\\/wp-content\\\/uploads\\\/2023\\\/04\\\/becolve-logo-h-black_200.png\",\"contentUrl\":\"https:\\\/\\\/becolve.com\\\/wp-content\\\/uploads\\\/2023\\\/04\\\/becolve-logo-h-black_200.png\",\"width\":200,\"height\":64,\"caption\":\"Becolve Digital\"},\"image\":{\"@id\":\"https:\\\/\\\/becolve.com\\\/pt-pt\\\/#\\\/schema\\\/logo\\\/image\\\/\"},\"sameAs\":[\"https:\\\/\\\/x.com\\\/Logitek_es\",\"https:\\\/\\\/www.linkedin.com\\\/company\\\/becolve-digital\\\/\"]}]}<\/script>\n<!-- \/ Yoast SEO plugin. -->","yoast_head_json":{"title":"A Logitek participar\u00e1 no Marketplace de solu\u00e7\u00f5es da Ind\u00fastria 4.0","description":"semin\u00e1rio virtual orientado para dar a conhecer as solu\u00e7\u00f5es de ind\u00fastria 4.0 propostas para as necessidades espec\u00edficas identificadas por parte de empresas industriais","robots":{"index":"index","follow":"follow","max-snippet":"max-snippet:-1","max-image-preview":"max-image-preview:large","max-video-preview":"max-video-preview:-1"},"canonical":"https:\/\/becolve.com\/pt-pt\/blog\/a-logitek-participara-no-marketplace-de-solucoes-da-industria-4-0\/","og_locale":"pt_PT","og_type":"article","og_title":"A Logitek participar\u00e1 no Marketplace de solu\u00e7\u00f5es da Ind\u00fastria 4.0","og_description":"semin\u00e1rio virtual orientado para dar a conhecer as solu\u00e7\u00f5es de ind\u00fastria 4.0 propostas para as necessidades espec\u00edficas identificadas por parte de empresas industriais","og_url":"https:\/\/becolve.com\/pt-pt\/blog\/a-logitek-participara-no-marketplace-de-solucoes-da-industria-4-0\/","og_site_name":"Becolve Digital","og_image":[{"width":800,"height":400,"url":"https:\/\/becolve.com\/wp-content\/uploads\/2023\/04\/semianri-virtual.jpg","type":"image\/jpeg"}],"twitter_card":"summary_large_image","twitter_site":"@Logitek_es","twitter_misc":{"Tempo estimado de leitura":"1 minuto","Written by":"Becolve Digital"},"schema":{"@context":"https:\/\/schema.org","@graph":[{"@type":"WebPage","@id":"https:\/\/becolve.com\/pt-pt\/blog\/a-logitek-participara-no-marketplace-de-solucoes-da-industria-4-0\/","url":"https:\/\/becolve.com\/pt-pt\/blog\/a-logitek-participara-no-marketplace-de-solucoes-da-industria-4-0\/","name":"A Logitek participar\u00e1 no Marketplace de solu\u00e7\u00f5es da Ind\u00fastria 4.0","isPartOf":{"@id":"https:\/\/becolve.com\/pt-pt\/#website"},"primaryImageOfPage":{"@id":"https:\/\/becolve.com\/pt-pt\/blog\/a-logitek-participara-no-marketplace-de-solucoes-da-industria-4-0\/#primaryimage"},"image":{"@id":"https:\/\/becolve.com\/pt-pt\/blog\/a-logitek-participara-no-marketplace-de-solucoes-da-industria-4-0\/#primaryimage"},"thumbnailUrl":"https:\/\/becolve.com\/wp-content\/uploads\/2023\/04\/semianri-virtual.jpg","datePublished":"2025-09-17T18:01:02+00:00","description":"semin\u00e1rio virtual orientado para dar a conhecer as solu\u00e7\u00f5es de ind\u00fastria 4.0 propostas para as necessidades espec\u00edficas identificadas por parte de empresas industriais","breadcrumb":{"@id":"https:\/\/becolve.com\/pt-pt\/blog\/a-logitek-participara-no-marketplace-de-solucoes-da-industria-4-0\/#breadcrumb"},"inLanguage":"pt-PT","potentialAction":[{"@type":"ReadAction","target":["https:\/\/becolve.com\/pt-pt\/blog\/a-logitek-participara-no-marketplace-de-solucoes-da-industria-4-0\/"]}]},{"@type":"ImageObject","inLanguage":"pt-PT","@id":"https:\/\/becolve.com\/pt-pt\/blog\/a-logitek-participara-no-marketplace-de-solucoes-da-industria-4-0\/#primaryimage","url":"https:\/\/becolve.com\/wp-content\/uploads\/2023\/04\/semianri-virtual.jpg","contentUrl":"https:\/\/becolve.com\/wp-content\/uploads\/2023\/04\/semianri-virtual.jpg","width":800,"height":400},{"@type":"BreadcrumbList","@id":"https:\/\/becolve.com\/pt-pt\/blog\/a-logitek-participara-no-marketplace-de-solucoes-da-industria-4-0\/#breadcrumb","itemListElement":[{"@type":"ListItem","position":1,"name":"Home","item":"https:\/\/becolve.com\/pt-pt\/"},{"@type":"ListItem","position":2,"name":"Blog Items","item":"https:\/\/becolve.com\/pt-pt\/blog\/"},{"@type":"ListItem","position":3,"name":"A Logitek participar\u00e1 no Marketplace de solu\u00e7\u00f5es da Ind\u00fastria 4.0"}]},{"@type":"WebSite","@id":"https:\/\/becolve.com\/pt-pt\/#website","url":"https:\/\/becolve.com\/pt-pt\/","name":"Becolve Digital","description":"Impulsamos la transformaci\u00f3n digital en la industria e infraestructuras","publisher":{"@id":"https:\/\/becolve.com\/pt-pt\/#organization"},"potentialAction":[{"@type":"SearchAction","target":{"@type":"EntryPoint","urlTemplate":"https:\/\/becolve.com\/pt-pt\/?s={search_term_string}"},"query-input":{"@type":"PropertyValueSpecification","valueRequired":true,"valueName":"search_term_string"}}],"inLanguage":"pt-PT"},{"@type":"Organization","@id":"https:\/\/becolve.com\/pt-pt\/#organization","name":"Becolve Digital","url":"https:\/\/becolve.com\/pt-pt\/","logo":{"@type":"ImageObject","inLanguage":"pt-PT","@id":"https:\/\/becolve.com\/pt-pt\/#\/schema\/logo\/image\/","url":"https:\/\/becolve.com\/wp-content\/uploads\/2023\/04\/becolve-logo-h-black_200.png","contentUrl":"https:\/\/becolve.com\/wp-content\/uploads\/2023\/04\/becolve-logo-h-black_200.png","width":200,"height":64,"caption":"Becolve Digital"},"image":{"@id":"https:\/\/becolve.com\/pt-pt\/#\/schema\/logo\/image\/"},"sameAs":["https:\/\/x.com\/Logitek_es","https:\/\/www.linkedin.com\/company\/becolve-digital\/"]}]}},"_links":{"self":[{"href":"https:\/\/becolve.com\/pt-pt\/wp-json\/wp\/v2\/blog\/48191","targetHints":{"allow":["GET"]}}],"collection":[{"href":"https:\/\/becolve.com\/pt-pt\/wp-json\/wp\/v2\/blog"}],"about":[{"href":"https:\/\/becolve.com\/pt-pt\/wp-json\/wp\/v2\/types\/blog"}],"author":[{"embeddable":true,"href":"https:\/\/becolve.com\/pt-pt\/wp-json\/wp\/v2\/users\/31"}],"version-history":[{"count":0,"href":"https:\/\/becolve.com\/pt-pt\/wp-json\/wp\/v2\/blog\/48191\/revisions"}],"wp:featuredmedia":[{"embeddable":true,"href":"https:\/\/becolve.com\/pt-pt\/wp-json\/wp\/v2\/media\/48193"}],"wp:attachment":[{"href":"https:\/\/becolve.com\/pt-pt\/wp-json\/wp\/v2\/media?parent=48191"}],"wp:term":[{"taxonomy":"category","embeddable":true,"href":"https:\/\/becolve.com\/pt-pt\/wp-json\/wp\/v2\/categories?post=48191"},{"taxonomy":"post_tag","embeddable":true,"href":"https:\/\/becolve.com\/pt-pt\/wp-json\/wp\/v2\/tags?post=48191"},{"taxonomy":"arquitectura","embeddable":true,"href":"https:\/\/becolve.com\/pt-pt\/wp-json\/wp\/v2\/arquitectura?post=48191"},{"taxonomy":"area","embeddable":true,"href":"https:\/\/becolve.com\/pt-pt\/wp-json\/wp\/v2\/area?post=48191"},{"taxonomy":"sector","embeddable":true,"href":"https:\/\/becolve.com\/pt-pt\/wp-json\/wp\/v2\/sector?post=48191"},{"taxonomy":"experto","embeddable":true,"href":"https:\/\/becolve.com\/pt-pt\/wp-json\/wp\/v2\/experto?post=48191"},{"taxonomy":"weborigen","embeddable":true,"href":"https:\/\/becolve.com\/pt-pt\/wp-json\/wp\/v2\/weborigen?post=48191"},{"taxonomy":"productos-tax","embeddable":true,"href":"https:\/\/becolve.com\/pt-pt\/wp-json\/wp\/v2\/productos-tax?post=48191"},{"taxonomy":"soluciones-tax","embeddable":true,"href":"https:\/\/becolve.com\/pt-pt\/wp-json\/wp\/v2\/soluciones-tax?post=48191"},{"taxonomy":"marcas-tax","embeddable":true,"href":"https:\/\/becolve.com\/pt-pt\/wp-json\/wp\/v2\/marcas-tax?post=48191"},{"taxonomy":"author","embeddable":true,"href":"https:\/\/becolve.com\/pt-pt\/wp-json\/wp\/v2\/coauthors?post=48191"}],"curies":[{"name":"wp","href":"https:\/\/api.w.org\/{rel}","templated":true}]}}