{"id":48904,"date":"2025-09-17T18:14:20","date_gmt":"2025-09-17T18:14:20","guid":{"rendered":"https:\/\/becolve.com\/blog\/greencities-2016-apresentamos-as-nossas-solucoes-para-gestao-de-infraestruturas-de-cidade\/"},"modified":"2025-09-17T18:14:20","modified_gmt":"2025-09-17T18:14:20","slug":"greencities-2016-apresentamos-as-nossas-solucoes-para-gestao-de-infraestruturas-de-cidade","status":"publish","type":"blog","link":"https:\/\/becolve.com\/pt-pt\/blog\/greencities-2016-apresentamos-as-nossas-solucoes-para-gestao-de-infraestruturas-de-cidade\/","title":{"rendered":"Greencities 2016: Apresentamos as nossas solu\u00e7\u00f5es para gest\u00e3o de infraestruturas de cidade"},"content":{"rendered":"<p><img loading=\"lazy\" decoding=\"async\" class=\"size-full wp-image-903 aligncenter\" src=\"https:\/\/becolve.com\/wp-content\/uploads\/2023\/04\/creatingsmartcities.jpg\" alt=\"creatingsmartcities\" width=\"620\" height=\"300\"><\/p>\n<p>O avan\u00e7o progressivo e incessante das tecnologias est\u00e1 a representar uma aut\u00eantica <strong>revolu\u00e7\u00e3o na gest\u00e3o de infraestruturas de cidade:<\/strong> Multiplicam-se as liga\u00e7\u00f5es entre dispositivos e\/ou m\u00e1quinas, cresce exponencialmente a gera\u00e7\u00e3o de informa\u00e7\u00e3o dos processos, v\u00e3o aparecendo diferentes alternativas para aceder remotamente a dispositivos, consolida-se a gest\u00e3o de ambientes geodistribu\u00eddos e a possibilidade de explorar de forma inteligente toda a informa\u00e7\u00e3o gerada em tempo real&#8230;<!--more--><\/p>\n<p>Neste contexto, as cidades enfrentam importantes desafios de futuro derivados de processos urban\u00edsticos pouco sustent\u00e1veis, com uma tend\u00eancia demogr\u00e1fica em alta e ainda num contexto global de crise econ\u00f3mica e financeira. As atuais infraestruturas de cidade s\u00e3o <strong>a \u201carquitetura\u201d que facilita a vida nas cidades hoje e no futuro a m\u00e9dio prazo<\/strong>. Neste sentido, n\u00e3o s\u00e3o alheias a este novo contexto e \u00e9 sobre elas que podemos implementar <strong>solu\u00e7\u00f5es que nos permitam controlar o gasto, bem como prestar as melhores solu\u00e7\u00f5es sustent\u00e1veis ao cidad\u00e3o.<\/strong>  <\/p>\n<p>E destas solu\u00e7\u00f5es para a gest\u00e3o de infraestruturas de cidade ser\u00e1 do que falaremos na <a href=\"http:\/\/www.logitek.es\/actualidad\/logitek-participara-en-el-foro-greencities-de-malaga\/\" target=\"_blank\" rel=\"noopener\"><strong>pr\u00f3xima edi\u00e7\u00e3o do &#8220;Greencities. 7.\u00ba F\u00f3rum da Intelig\u00eancia e Sustentabilidade urbana&#8221;<\/strong><\/a> que ter\u00e1 lugar em M\u00e1laga nos pr\u00f3ximos dias <strong>5 e 6 de outubro de 2016.<\/strong><\/p>\n<p>A nossa participa\u00e7\u00e3o no evento de refer\u00eancia a n\u00edvel nacional do \u00e2mbito Smart City, ter\u00e1 nesta ocasi\u00e3o <strong>dois focos de aten\u00e7\u00e3o diferenciados:<\/strong> Por um lado, interviremos no F\u00f3rum com <strong>2 palestras sobre tecnologia e contaremos ainda com stand pr\u00f3prio<\/strong> no qual se mostrar\u00e3o as \u00faltimas novidades em solu\u00e7\u00f5es tecnol\u00f3gicas para a gest\u00e3o de infraestruturas de cidade. O mais destac\u00e1vel entre as novidades ser\u00e1 a solu\u00e7\u00e3o <strong><a href=\"http:\/\/www.gisize.com\/\" target=\"_blank\" rel=\"noopener\">GISize!<\/a><\/strong>, um conjunto de ferramentas e documentos concebidos para aumentar o conhecimento e o desempenho na gest\u00e3o de informa\u00e7\u00e3o em tempo real de infraestruturas como aeroportos, metro, ciclo da \u00e1gua, sistema de rega, entre outros. <\/p>\n<p style=\"text-align: center;\"><img loading=\"lazy\" decoding=\"async\" class=\"alignnone size-full wp-image-905\" src=\"https:\/\/becolve.com\/wp-content\/uploads\/2023\/04\/gisize-4.png\" alt=\"gisize\" width=\"620\" height=\"380\"><\/p>\n<p style=\"text-align: left;\">O segundo foco de interesse ser\u00e1 a celebra\u00e7\u00e3o, no dia 6 de outubro, no mesmo recinto de feiras do Greencities, de um <strong><a href=\"http:\/\/www.matcongress.com\/matday-infraestructuras-smart-cities\/\" target=\"_blank\" rel=\"noopener\">Meet&amp;Talk Day com o t\u00edtulo de \u201cSolu\u00e7\u00f5es tecnol\u00f3gicas para infraestruturas inteligentes de cidade\u201d<\/a><\/strong>. O evento, que se dirige tanto a integradores de sistemas, como a empresas p\u00fablicas e privadas gestoras de servi\u00e7os urbanos, foi articulado em torno de <strong>5 palestras<\/strong>, de cerca de 20 minutos de dura\u00e7\u00e3o cada, ministradas por v\u00e1rios dos nossos especialistas. Uma vez conclu\u00eddas as interven\u00e7\u00f5es, contaremos com <strong>um amplo espa\u00e7o para o networking<\/strong> e troca de experi\u00eancias relacionadas com o \u00e2mbito da gest\u00e3o de infraestruturas de cidade.  <\/p>\n<p><strong>A Logitek e a sua \u00c1rea Creating Smart Cities<\/strong>, com a sua presen\u00e7a ativa no Greencities, continuam a facilitar aos seus clientes o melhor caminho para gerir de forma otimizada a gera\u00e7\u00e3o e explora\u00e7\u00e3o de informa\u00e7\u00e3o em tempo real num amplo leque de infraestruturas de cidade.<\/p>\n","protected":false},"excerpt":{"rendered":"<p>O avan\u00e7o progressivo e incessante das tecnologias est\u00e1 a representar uma aut\u00eantica revolu\u00e7\u00e3o na gest\u00e3o de infraestruturas de cidade: Multiplicam-se as liga\u00e7\u00f5es entre dispositivos e\/ou m\u00e1quinas, cresce exponencialmente a gera\u00e7\u00e3o de informa\u00e7\u00e3o dos processos, v\u00e3o aparecendo diferentes alternativas para aceder remotamente a dispositivos, consolida-se a gest\u00e3o de ambientes geodistribu\u00eddos e a possibilidade de explorar de [&hellip;]<\/p>\n","protected":false},"author":31,"featured_media":48905,"menu_order":0,"template":"","categories":[964],"tags":[],"arquitectura":[1844],"area":[186],"sector":[199],"experto":[207],"weborigen":[180],"productos-tax":[97],"soluciones-tax":[217],"marcas-tax":[],"coauthors":[],"class_list":["post-48904","blog","type-blog","status-publish","has-post-thumbnail","hentry","category-eficiencia-operacional","arquitectura-gestao-de-operacoes","area-infraestruturas","sector-smart-city-pt-pt","experto-transformacao-industrial-digital","weborigen-creatingsmartcities_blog-es","productos-tax-gisize","soluciones-tax-gisize-pt-pt"],"acf":[],"yoast_head":"<!-- This site is optimized with the Yoast SEO plugin v28.3 - https:\/\/yoast.com\/product\/yoast-seo-wordpress\/ -->\n<title>As nossas solu\u00e7\u00f5es para gest\u00e3o de infraestruturas de cidade<\/title>\n<meta name=\"description\" content=\"A Logitek e a sua \u00c1rea Creating Smart Cities estar\u00e3o na 7.\u00aa Edi\u00e7\u00e3o do Greencities a apresentar Solu\u00e7\u00f5es para a gest\u00e3o de Infraestruturas de cidade\" \/>\n<meta name=\"robots\" content=\"index, follow, max-snippet:-1, max-image-preview:large, max-video-preview:-1\" \/>\n<link rel=\"canonical\" href=\"https:\/\/becolve.com\/pt-pt\/blog\/greencities-2016-apresentamos-as-nossas-solucoes-para-gestao-de-infraestruturas-de-cidade\/\" \/>\n<meta property=\"og:locale\" content=\"pt_PT\" \/>\n<meta property=\"og:type\" content=\"article\" \/>\n<meta property=\"og:title\" content=\"As nossas solu\u00e7\u00f5es para gest\u00e3o de infraestruturas de cidade\" \/>\n<meta property=\"og:description\" content=\"A Logitek e a sua \u00c1rea Creating Smart Cities estar\u00e3o na 7.\u00aa Edi\u00e7\u00e3o do Greencities a apresentar Solu\u00e7\u00f5es para a gest\u00e3o de Infraestruturas de cidade\" \/>\n<meta property=\"og:url\" content=\"https:\/\/becolve.com\/pt-pt\/blog\/greencities-2016-apresentamos-as-nossas-solucoes-para-gestao-de-infraestruturas-de-cidade\/\" \/>\n<meta property=\"og:site_name\" content=\"Becolve Digital\" \/>\n<meta property=\"og:image\" content=\"https:\/\/becolve.com\/wp-content\/uploads\/2023\/04\/creatingsmartcities-1.jpg\" \/>\n\t<meta property=\"og:image:width\" content=\"620\" \/>\n\t<meta property=\"og:image:height\" content=\"300\" \/>\n\t<meta property=\"og:image:type\" content=\"image\/jpeg\" \/>\n<meta name=\"twitter:card\" content=\"summary_large_image\" \/>\n<meta name=\"twitter:site\" content=\"@Logitek_es\" \/>\n<meta name=\"twitter:label1\" content=\"Tempo estimado de leitura\" \/>\n\t<meta name=\"twitter:data1\" content=\"2 minutos\" \/>\n\t<meta name=\"twitter:label2\" content=\"Written by\" \/>\n\t<meta name=\"twitter:data2\" content=\"Becolve Digital\" \/>\n<script type=\"application\/ld+json\" class=\"yoast-schema-graph\">{\"@context\":\"https:\\\/\\\/schema.org\",\"@graph\":[{\"@type\":\"WebPage\",\"@id\":\"https:\\\/\\\/becolve.com\\\/pt-pt\\\/blog\\\/greencities-2016-apresentamos-as-nossas-solucoes-para-gestao-de-infraestruturas-de-cidade\\\/\",\"url\":\"https:\\\/\\\/becolve.com\\\/pt-pt\\\/blog\\\/greencities-2016-apresentamos-as-nossas-solucoes-para-gestao-de-infraestruturas-de-cidade\\\/\",\"name\":\"As nossas solu\u00e7\u00f5es para gest\u00e3o de infraestruturas de cidade\",\"isPartOf\":{\"@id\":\"https:\\\/\\\/becolve.com\\\/pt-pt\\\/#website\"},\"primaryImageOfPage\":{\"@id\":\"https:\\\/\\\/becolve.com\\\/pt-pt\\\/blog\\\/greencities-2016-apresentamos-as-nossas-solucoes-para-gestao-de-infraestruturas-de-cidade\\\/#primaryimage\"},\"image\":{\"@id\":\"https:\\\/\\\/becolve.com\\\/pt-pt\\\/blog\\\/greencities-2016-apresentamos-as-nossas-solucoes-para-gestao-de-infraestruturas-de-cidade\\\/#primaryimage\"},\"thumbnailUrl\":\"https:\\\/\\\/becolve.com\\\/wp-content\\\/uploads\\\/2023\\\/04\\\/creatingsmartcities-1.jpg\",\"datePublished\":\"2025-09-17T18:14:20+00:00\",\"description\":\"A Logitek e a sua \u00c1rea Creating Smart Cities estar\u00e3o na 7.\u00aa Edi\u00e7\u00e3o do Greencities a apresentar Solu\u00e7\u00f5es para a gest\u00e3o de Infraestruturas de cidade\",\"breadcrumb\":{\"@id\":\"https:\\\/\\\/becolve.com\\\/pt-pt\\\/blog\\\/greencities-2016-apresentamos-as-nossas-solucoes-para-gestao-de-infraestruturas-de-cidade\\\/#breadcrumb\"},\"inLanguage\":\"pt-PT\",\"potentialAction\":[{\"@type\":\"ReadAction\",\"target\":[\"https:\\\/\\\/becolve.com\\\/pt-pt\\\/blog\\\/greencities-2016-apresentamos-as-nossas-solucoes-para-gestao-de-infraestruturas-de-cidade\\\/\"]}]},{\"@type\":\"ImageObject\",\"inLanguage\":\"pt-PT\",\"@id\":\"https:\\\/\\\/becolve.com\\\/pt-pt\\\/blog\\\/greencities-2016-apresentamos-as-nossas-solucoes-para-gestao-de-infraestruturas-de-cidade\\\/#primaryimage\",\"url\":\"https:\\\/\\\/becolve.com\\\/wp-content\\\/uploads\\\/2023\\\/04\\\/creatingsmartcities-1.jpg\",\"contentUrl\":\"https:\\\/\\\/becolve.com\\\/wp-content\\\/uploads\\\/2023\\\/04\\\/creatingsmartcities-1.jpg\",\"width\":620,\"height\":300},{\"@type\":\"BreadcrumbList\",\"@id\":\"https:\\\/\\\/becolve.com\\\/pt-pt\\\/blog\\\/greencities-2016-apresentamos-as-nossas-solucoes-para-gestao-de-infraestruturas-de-cidade\\\/#breadcrumb\",\"itemListElement\":[{\"@type\":\"ListItem\",\"position\":1,\"name\":\"Home\",\"item\":\"https:\\\/\\\/becolve.com\\\/pt-pt\\\/\"},{\"@type\":\"ListItem\",\"position\":2,\"name\":\"Blog Items\",\"item\":\"https:\\\/\\\/becolve.com\\\/pt-pt\\\/blog\\\/\"},{\"@type\":\"ListItem\",\"position\":3,\"name\":\"Greencities 2016: Apresentamos as nossas solu\u00e7\u00f5es para gest\u00e3o de infraestruturas de cidade\"}]},{\"@type\":\"WebSite\",\"@id\":\"https:\\\/\\\/becolve.com\\\/pt-pt\\\/#website\",\"url\":\"https:\\\/\\\/becolve.com\\\/pt-pt\\\/\",\"name\":\"Becolve Digital\",\"description\":\"Impulsamos la transformaci\u00f3n digital en la industria e infraestructuras\",\"publisher\":{\"@id\":\"https:\\\/\\\/becolve.com\\\/pt-pt\\\/#organization\"},\"potentialAction\":[{\"@type\":\"SearchAction\",\"target\":{\"@type\":\"EntryPoint\",\"urlTemplate\":\"https:\\\/\\\/becolve.com\\\/pt-pt\\\/?s={search_term_string}\"},\"query-input\":{\"@type\":\"PropertyValueSpecification\",\"valueRequired\":true,\"valueName\":\"search_term_string\"}}],\"inLanguage\":\"pt-PT\"},{\"@type\":\"Organization\",\"@id\":\"https:\\\/\\\/becolve.com\\\/pt-pt\\\/#organization\",\"name\":\"Becolve Digital\",\"url\":\"https:\\\/\\\/becolve.com\\\/pt-pt\\\/\",\"logo\":{\"@type\":\"ImageObject\",\"inLanguage\":\"pt-PT\",\"@id\":\"https:\\\/\\\/becolve.com\\\/pt-pt\\\/#\\\/schema\\\/logo\\\/image\\\/\",\"url\":\"https:\\\/\\\/becolve.com\\\/wp-content\\\/uploads\\\/2023\\\/04\\\/becolve-logo-h-black_200.png\",\"contentUrl\":\"https:\\\/\\\/becolve.com\\\/wp-content\\\/uploads\\\/2023\\\/04\\\/becolve-logo-h-black_200.png\",\"width\":200,\"height\":64,\"caption\":\"Becolve Digital\"},\"image\":{\"@id\":\"https:\\\/\\\/becolve.com\\\/pt-pt\\\/#\\\/schema\\\/logo\\\/image\\\/\"},\"sameAs\":[\"https:\\\/\\\/x.com\\\/Logitek_es\",\"https:\\\/\\\/www.linkedin.com\\\/company\\\/becolve-digital\\\/\"]}]}<\/script>\n<!-- \/ Yoast SEO plugin. -->","yoast_head_json":{"title":"As nossas solu\u00e7\u00f5es para gest\u00e3o de infraestruturas de cidade","description":"A Logitek e a sua \u00c1rea Creating Smart Cities estar\u00e3o na 7.\u00aa Edi\u00e7\u00e3o do Greencities a apresentar Solu\u00e7\u00f5es para a gest\u00e3o de Infraestruturas de cidade","robots":{"index":"index","follow":"follow","max-snippet":"max-snippet:-1","max-image-preview":"max-image-preview:large","max-video-preview":"max-video-preview:-1"},"canonical":"https:\/\/becolve.com\/pt-pt\/blog\/greencities-2016-apresentamos-as-nossas-solucoes-para-gestao-de-infraestruturas-de-cidade\/","og_locale":"pt_PT","og_type":"article","og_title":"As nossas solu\u00e7\u00f5es para gest\u00e3o de infraestruturas de cidade","og_description":"A Logitek e a sua \u00c1rea Creating Smart Cities estar\u00e3o na 7.\u00aa Edi\u00e7\u00e3o do Greencities a apresentar Solu\u00e7\u00f5es para a gest\u00e3o de Infraestruturas de cidade","og_url":"https:\/\/becolve.com\/pt-pt\/blog\/greencities-2016-apresentamos-as-nossas-solucoes-para-gestao-de-infraestruturas-de-cidade\/","og_site_name":"Becolve Digital","og_image":[{"width":620,"height":300,"url":"https:\/\/becolve.com\/wp-content\/uploads\/2023\/04\/creatingsmartcities-1.jpg","type":"image\/jpeg"}],"twitter_card":"summary_large_image","twitter_site":"@Logitek_es","twitter_misc":{"Tempo estimado de leitura":"2 minutos","Written by":"Becolve Digital"},"schema":{"@context":"https:\/\/schema.org","@graph":[{"@type":"WebPage","@id":"https:\/\/becolve.com\/pt-pt\/blog\/greencities-2016-apresentamos-as-nossas-solucoes-para-gestao-de-infraestruturas-de-cidade\/","url":"https:\/\/becolve.com\/pt-pt\/blog\/greencities-2016-apresentamos-as-nossas-solucoes-para-gestao-de-infraestruturas-de-cidade\/","name":"As nossas solu\u00e7\u00f5es para gest\u00e3o de infraestruturas de cidade","isPartOf":{"@id":"https:\/\/becolve.com\/pt-pt\/#website"},"primaryImageOfPage":{"@id":"https:\/\/becolve.com\/pt-pt\/blog\/greencities-2016-apresentamos-as-nossas-solucoes-para-gestao-de-infraestruturas-de-cidade\/#primaryimage"},"image":{"@id":"https:\/\/becolve.com\/pt-pt\/blog\/greencities-2016-apresentamos-as-nossas-solucoes-para-gestao-de-infraestruturas-de-cidade\/#primaryimage"},"thumbnailUrl":"https:\/\/becolve.com\/wp-content\/uploads\/2023\/04\/creatingsmartcities-1.jpg","datePublished":"2025-09-17T18:14:20+00:00","description":"A Logitek e a sua \u00c1rea Creating Smart Cities estar\u00e3o na 7.\u00aa Edi\u00e7\u00e3o do Greencities a apresentar Solu\u00e7\u00f5es para a gest\u00e3o de Infraestruturas de cidade","breadcrumb":{"@id":"https:\/\/becolve.com\/pt-pt\/blog\/greencities-2016-apresentamos-as-nossas-solucoes-para-gestao-de-infraestruturas-de-cidade\/#breadcrumb"},"inLanguage":"pt-PT","potentialAction":[{"@type":"ReadAction","target":["https:\/\/becolve.com\/pt-pt\/blog\/greencities-2016-apresentamos-as-nossas-solucoes-para-gestao-de-infraestruturas-de-cidade\/"]}]},{"@type":"ImageObject","inLanguage":"pt-PT","@id":"https:\/\/becolve.com\/pt-pt\/blog\/greencities-2016-apresentamos-as-nossas-solucoes-para-gestao-de-infraestruturas-de-cidade\/#primaryimage","url":"https:\/\/becolve.com\/wp-content\/uploads\/2023\/04\/creatingsmartcities-1.jpg","contentUrl":"https:\/\/becolve.com\/wp-content\/uploads\/2023\/04\/creatingsmartcities-1.jpg","width":620,"height":300},{"@type":"BreadcrumbList","@id":"https:\/\/becolve.com\/pt-pt\/blog\/greencities-2016-apresentamos-as-nossas-solucoes-para-gestao-de-infraestruturas-de-cidade\/#breadcrumb","itemListElement":[{"@type":"ListItem","position":1,"name":"Home","item":"https:\/\/becolve.com\/pt-pt\/"},{"@type":"ListItem","position":2,"name":"Blog Items","item":"https:\/\/becolve.com\/pt-pt\/blog\/"},{"@type":"ListItem","position":3,"name":"Greencities 2016: Apresentamos as nossas solu\u00e7\u00f5es para gest\u00e3o de infraestruturas de cidade"}]},{"@type":"WebSite","@id":"https:\/\/becolve.com\/pt-pt\/#website","url":"https:\/\/becolve.com\/pt-pt\/","name":"Becolve Digital","description":"Impulsamos la transformaci\u00f3n digital en la industria e infraestructuras","publisher":{"@id":"https:\/\/becolve.com\/pt-pt\/#organization"},"potentialAction":[{"@type":"SearchAction","target":{"@type":"EntryPoint","urlTemplate":"https:\/\/becolve.com\/pt-pt\/?s={search_term_string}"},"query-input":{"@type":"PropertyValueSpecification","valueRequired":true,"valueName":"search_term_string"}}],"inLanguage":"pt-PT"},{"@type":"Organization","@id":"https:\/\/becolve.com\/pt-pt\/#organization","name":"Becolve Digital","url":"https:\/\/becolve.com\/pt-pt\/","logo":{"@type":"ImageObject","inLanguage":"pt-PT","@id":"https:\/\/becolve.com\/pt-pt\/#\/schema\/logo\/image\/","url":"https:\/\/becolve.com\/wp-content\/uploads\/2023\/04\/becolve-logo-h-black_200.png","contentUrl":"https:\/\/becolve.com\/wp-content\/uploads\/2023\/04\/becolve-logo-h-black_200.png","width":200,"height":64,"caption":"Becolve Digital"},"image":{"@id":"https:\/\/becolve.com\/pt-pt\/#\/schema\/logo\/image\/"},"sameAs":["https:\/\/x.com\/Logitek_es","https:\/\/www.linkedin.com\/company\/becolve-digital\/"]}]}},"_links":{"self":[{"href":"https:\/\/becolve.com\/pt-pt\/wp-json\/wp\/v2\/blog\/48904","targetHints":{"allow":["GET"]}}],"collection":[{"href":"https:\/\/becolve.com\/pt-pt\/wp-json\/wp\/v2\/blog"}],"about":[{"href":"https:\/\/becolve.com\/pt-pt\/wp-json\/wp\/v2\/types\/blog"}],"author":[{"embeddable":true,"href":"https:\/\/becolve.com\/pt-pt\/wp-json\/wp\/v2\/users\/31"}],"version-history":[{"count":0,"href":"https:\/\/becolve.com\/pt-pt\/wp-json\/wp\/v2\/blog\/48904\/revisions"}],"wp:featuredmedia":[{"embeddable":true,"href":"https:\/\/becolve.com\/pt-pt\/wp-json\/wp\/v2\/media\/48905"}],"wp:attachment":[{"href":"https:\/\/becolve.com\/pt-pt\/wp-json\/wp\/v2\/media?parent=48904"}],"wp:term":[{"taxonomy":"category","embeddable":true,"href":"https:\/\/becolve.com\/pt-pt\/wp-json\/wp\/v2\/categories?post=48904"},{"taxonomy":"post_tag","embeddable":true,"href":"https:\/\/becolve.com\/pt-pt\/wp-json\/wp\/v2\/tags?post=48904"},{"taxonomy":"arquitectura","embeddable":true,"href":"https:\/\/becolve.com\/pt-pt\/wp-json\/wp\/v2\/arquitectura?post=48904"},{"taxonomy":"area","embeddable":true,"href":"https:\/\/becolve.com\/pt-pt\/wp-json\/wp\/v2\/area?post=48904"},{"taxonomy":"sector","embeddable":true,"href":"https:\/\/becolve.com\/pt-pt\/wp-json\/wp\/v2\/sector?post=48904"},{"taxonomy":"experto","embeddable":true,"href":"https:\/\/becolve.com\/pt-pt\/wp-json\/wp\/v2\/experto?post=48904"},{"taxonomy":"weborigen","embeddable":true,"href":"https:\/\/becolve.com\/pt-pt\/wp-json\/wp\/v2\/weborigen?post=48904"},{"taxonomy":"productos-tax","embeddable":true,"href":"https:\/\/becolve.com\/pt-pt\/wp-json\/wp\/v2\/productos-tax?post=48904"},{"taxonomy":"soluciones-tax","embeddable":true,"href":"https:\/\/becolve.com\/pt-pt\/wp-json\/wp\/v2\/soluciones-tax?post=48904"},{"taxonomy":"marcas-tax","embeddable":true,"href":"https:\/\/becolve.com\/pt-pt\/wp-json\/wp\/v2\/marcas-tax?post=48904"},{"taxonomy":"author","embeddable":true,"href":"https:\/\/becolve.com\/pt-pt\/wp-json\/wp\/v2\/coauthors?post=48904"}],"curies":[{"name":"wp","href":"https:\/\/api.w.org\/{rel}","templated":true}]}}