{"id":49241,"date":"2025-09-17T18:20:13","date_gmt":"2025-09-17T18:20:13","guid":{"rendered":"https:\/\/becolve.com\/blog\/por-que-o-iiot-agora\/"},"modified":"2025-09-17T18:20:13","modified_gmt":"2025-09-17T18:20:13","slug":"por-que-o-iiot-agora","status":"publish","type":"blog","link":"https:\/\/becolve.com\/pt-pt\/blog\/por-que-o-iiot-agora\/","title":{"rendered":"Por que o IIoT agora?"},"content":{"rendered":"<p><strong>Os novos paradigmas de comunica\u00e7\u00e3o surgiram com uma clara aposta na conetividade. Durante os pr\u00f3ximos anos \u2013 inclusive d\u00e9cadas -, as novas tecnologias dever\u00e3o coexistir com as redes j\u00e1 existentes para atender \u00e0s necessidades de interoperabilidade do novo e do antigo. <\/strong><\/p>\n<p>Este artigo pretende contextualizar brevemente como evolu\u00edram as comunica\u00e7\u00f5es entre dispositivos nos ambientes industriais. Esta explica\u00e7\u00e3o serve tamb\u00e9m para apresentar o novo salto geracional que se est\u00e1 a viver atualmente neste campo, o IIoT. <\/p>\n<p><strong>Os primeiros passos<\/strong><\/p>\n<p>Nas primeiras etapas da automatiza\u00e7\u00e3o, ou seja, na d\u00e9cada de 70, <strong>os ainda novos controladores industriais n\u00e3o interagiam<\/strong> com a sensoriza\u00e7\u00e3o ou atua\u00e7\u00e3o <strong>atrav\u00e9s de protocolos industriais<\/strong>, mas diretamente por sinais el\u00e9tricos. Cada dispositivo atuava como uma ilha independente e fechada. <\/p>\n<p>S\u00f3 no final da d\u00e9cada seguinte \u00e9 que o seu uso se estendeu atrav\u00e9s de comunica\u00e7\u00f5es de s\u00e9rie. Estimava-se oportuno que os dispositivos come\u00e7assem a guardar e trocar informa\u00e7\u00f5es entre eles.  <strong>A evolu\u00e7\u00e3o do valor para o dado.<\/strong><\/p>\n<p>O progresso estava em marcha. Durante a d\u00e9cada de 90, <strong>as comunica\u00e7\u00f5es ponto a ponto ou em bus tornaram-se h\u00edper-especializadas<\/strong> com o aparecimento e populariza\u00e7\u00e3o dos buses de campo &#8211; o Profibus nasceu no final dos anos 80 -. Ao mesmo tempo, as melhorias no mundo dos computadores permitem a sua implementa\u00e7\u00e3o em campo e a conex\u00e3o destes com os PLCs.  <\/p>\n<p><img loading=\"lazy\" decoding=\"async\" class=\"aligncenter size-full wp-image-2718\" src=\"https:\/\/becolve.com\/wp-content\/uploads\/2023\/04\/ethernet.jpg\" alt=\"\" width=\"1080\" height=\"350\"><br \/>\n<strong><br \/>\n\u00c9poca de estandardiza\u00e7\u00e3o<\/strong><\/p>\n<p>Apesar de o padr\u00e3o <strong>Ethernet<\/strong> \u2013 Layer 2 do modelo OSI &#8211; ter sido concebido em 1983, s\u00f3 com o aparecimento do <strong>TCP\/IP<\/strong> \u2013 Layers 3 e 4 &#8211; dez anos mais tarde \u00e9 que se estabeleceu como uma solu\u00e7\u00e3o competente.<\/p>\n<p>Esta combina\u00e7\u00e3o em pouco tempo <strong>imp\u00f4s-se como padr\u00e3o nas comunica\u00e7\u00f5es<\/strong>. Primeiro nas redes IT e finalmente nas OT. Durante os \u00faltimos 20 anos, todos os dispositivos foram incorporando este tipo de conetividade. Pelo contr\u00e1rio, enquanto se estandardizavam estas camadas, <strong>ao n\u00edvel do protocolo de aplica\u00e7\u00e3o cada fabricante tentou fazer a guerra por seu lado<\/strong>. Em poucos anos, esta pr\u00e1tica dificultou em grande medida a interoperabilidade entre dispositivos de diferentes marcas.    <\/p>\n<p>A problem\u00e1tica foi tal que os fabricantes decidiram associar-se para criar a OPC Foundation, com o \u00fanico fim de conceber e especificar um protocolo que n\u00e3o estivesse ligado a nenhuma casa comercial em particular. Assim, em 96 surgiu o OPC DA. <\/p>\n<p>O OPC DA e, dez anos depois, o <strong>OPC UA estabeleceram-se como os grandes protocolos padr\u00e3o na ind\u00fastria<\/strong>. \u00c9 tal o seu uso indiscut\u00edvel que as novas gamas de PLCs j\u00e1 trabalham diretamente com eles como alternativa \u00e0 sua comunica\u00e7\u00e3o nativa. Impens\u00e1vel h\u00e1 uns tempos.  <\/p>\n<p><img loading=\"lazy\" decoding=\"async\" class=\"aligncenter size-full wp-image-2719\" src=\"https:\/\/becolve.com\/wp-content\/uploads\/2023\/04\/circuitos.jpg\" alt=\"\" width=\"1080\" height=\"350\"><\/p>\n<p><strong>Os novos paradigmas<\/strong><br \/>\nA ind\u00fastria h\u00edper-conectada que o IIoT ilumina requer mais do que uma evolu\u00e7\u00e3o nos protocolos, implica mudan\u00e7as de estrat\u00e9gia, mudan\u00e7as de arquitetura, mudan\u00e7as de meios f\u00edsicos e inclusive mudan\u00e7a no perfil dos profissionais encarregados da sua gest\u00e3o.<\/p>\n<p>Mas, por que o IIoT \u00e9 a tend\u00eancia? Basicamente por tr\u00eas motivos: <\/p>\n<p><em>Novos modelos de uso de dados<strong>. <\/strong> <\/em><\/p>\n<p>Gra\u00e7as \u00e0s melhorias na computa\u00e7\u00e3o, foram desenvolvidas ferramentas que, teoricamente, podem trabalhar com volumes de dados inimagin\u00e1veis h\u00e1 uns anos. Presume-se que estas ferramentas v\u00e3o implicar uma melhoria significativa da produtividade. <\/p>\n<p>O cerne da quest\u00e3o \u00e9 que, para calcular estes modelos, previs\u00f5es, marcadores, indicadores\u2026 s\u00e3o imperiosamente necess\u00e1rios os dados da f\u00e1brica. Mas n\u00e3o s\u00f3 os dos controladores, tamb\u00e9m os da sensoriza\u00e7\u00e3o, das bases de dados, dos atuadores e inclusive dos oper\u00e1rios atrav\u00e9s dos seus dispositivos ou wereables. <\/p>\n<p><em>Converg\u00eancia IT e OT. <\/em><\/p>\n<p>Hoje em dia \u00e9 inimagin\u00e1vel que a equipa de Opera\u00e7\u00e3o n\u00e3o seja tamb\u00e9m especialista em comunica\u00e7\u00f5es IP. Necessitam de ser especialistas n\u00e3o s\u00f3 dos protocolos, mas tamb\u00e9m de m\u00e1quinas virtuais, de segmenta\u00e7\u00e3o de redes, de ciberseguran\u00e7a industrial\u2026 Do mesmo modo que os departamentos de IT se apercebem de que, cada vez mais, se deve cooperar com OT. <\/p>\n<p>Esta rela\u00e7\u00e3o possibilita que desde OT se possa enviar informa\u00e7\u00e3o para os reposit\u00f3rios geridos por IT.<\/p>\n<p><em>Melhorias tecnol\u00f3gicas das fontes de dados. <\/em><\/p>\n<p>Atualmente, a instrumenta\u00e7\u00e3o come\u00e7a a integrar ferramentas de conetividade sem fios ou atrav\u00e9s de protocolos complexos. Os dispositivos \u2018simples\u2019 de ontem, s\u00e3o concebidos hoje com funcionalidades completas de comunica\u00e7\u00e3o. <\/p>\n<p>Em resumo, <strong>o IIoT j\u00e1 \u00e9 uma realidade crescente porque existe a necessidade, existe o \u2018environment\u2019 e come\u00e7am a existir as ferramentas adequadas para o levar a cabo.<\/strong><\/p>\n","protected":false},"excerpt":{"rendered":"<p>Explicamos-lhe como evolu\u00edram as comunica\u00e7\u00f5es entre dispositivos nos ambientes industriais ao longo dos anos&#8230;<\/p>\n","protected":false},"author":31,"featured_media":49244,"menu_order":0,"template":"","categories":[977,958],"tags":[],"arquitectura":[1842],"area":[],"sector":[],"experto":[204],"weborigen":[136],"productos-tax":[],"soluciones-tax":[219],"marcas-tax":[],"coauthors":[],"class_list":["post-49241","blog","type-blog","status-publish","has-post-thumbnail","hentry","category-comunicacoes","category-evolucao-digital","arquitectura-comunicacoes-industriais","experto-comunicacoes-industriais","weborigen-comunicacionesindustiraleslogitek-com","soluciones-tax-industrial-wireless-pt-pt"],"acf":[],"yoast_head":"<!-- This site is optimized with the Yoast SEO plugin v28.3 - https:\/\/yoast.com\/product\/yoast-seo-wordpress\/ -->\n<title>Por que o IIoT agora?<\/title>\n<meta name=\"description\" content=\"Os novos paradigmas de comunica\u00e7\u00e3o surgiram apostando na conetividade. As novas tecnologias dever\u00e3o coexistir com as redes existentes\" \/>\n<meta name=\"robots\" content=\"index, follow, max-snippet:-1, max-image-preview:large, max-video-preview:-1\" \/>\n<link rel=\"canonical\" href=\"https:\/\/becolve.com\/pt-pt\/blog\/por-que-o-iiot-agora\/\" \/>\n<meta property=\"og:locale\" content=\"pt_PT\" \/>\n<meta property=\"og:type\" content=\"article\" \/>\n<meta property=\"og:title\" content=\"Por que o IIoT agora?\" \/>\n<meta property=\"og:description\" content=\"Os novos paradigmas de comunica\u00e7\u00e3o surgiram apostando na conetividade. As novas tecnologias dever\u00e3o coexistir com as redes existentes\" \/>\n<meta property=\"og:url\" content=\"https:\/\/becolve.com\/pt-pt\/blog\/por-que-o-iiot-agora\/\" \/>\n<meta property=\"og:site_name\" content=\"Becolve Digital\" \/>\n<meta property=\"og:image\" content=\"https:\/\/becolve.com\/wp-content\/uploads\/2023\/04\/comunicaciones.jpg\" \/>\n\t<meta property=\"og:image:width\" content=\"1080\" \/>\n\t<meta property=\"og:image:height\" content=\"350\" \/>\n\t<meta property=\"og:image:type\" content=\"image\/jpeg\" \/>\n<meta name=\"twitter:card\" content=\"summary_large_image\" \/>\n<meta name=\"twitter:site\" content=\"@Logitek_es\" \/>\n<meta name=\"twitter:label1\" content=\"Tempo estimado de leitura\" \/>\n\t<meta name=\"twitter:data1\" content=\"4 minutos\" \/>\n\t<meta name=\"twitter:label2\" content=\"Written by\" \/>\n\t<meta name=\"twitter:data2\" content=\"Becolve Digital\" \/>\n<script type=\"application\/ld+json\" class=\"yoast-schema-graph\">{\"@context\":\"https:\\\/\\\/schema.org\",\"@graph\":[{\"@type\":\"WebPage\",\"@id\":\"https:\\\/\\\/becolve.com\\\/pt-pt\\\/blog\\\/por-que-o-iiot-agora\\\/\",\"url\":\"https:\\\/\\\/becolve.com\\\/pt-pt\\\/blog\\\/por-que-o-iiot-agora\\\/\",\"name\":\"Por que o IIoT agora?\",\"isPartOf\":{\"@id\":\"https:\\\/\\\/becolve.com\\\/pt-pt\\\/#website\"},\"primaryImageOfPage\":{\"@id\":\"https:\\\/\\\/becolve.com\\\/pt-pt\\\/blog\\\/por-que-o-iiot-agora\\\/#primaryimage\"},\"image\":{\"@id\":\"https:\\\/\\\/becolve.com\\\/pt-pt\\\/blog\\\/por-que-o-iiot-agora\\\/#primaryimage\"},\"thumbnailUrl\":\"https:\\\/\\\/becolve.com\\\/wp-content\\\/uploads\\\/2023\\\/04\\\/comunicaciones.jpg\",\"datePublished\":\"2025-09-17T18:20:13+00:00\",\"description\":\"Os novos paradigmas de comunica\u00e7\u00e3o surgiram apostando na conetividade. As novas tecnologias dever\u00e3o coexistir com as redes existentes\",\"breadcrumb\":{\"@id\":\"https:\\\/\\\/becolve.com\\\/pt-pt\\\/blog\\\/por-que-o-iiot-agora\\\/#breadcrumb\"},\"inLanguage\":\"pt-PT\",\"potentialAction\":[{\"@type\":\"ReadAction\",\"target\":[\"https:\\\/\\\/becolve.com\\\/pt-pt\\\/blog\\\/por-que-o-iiot-agora\\\/\"]}]},{\"@type\":\"ImageObject\",\"inLanguage\":\"pt-PT\",\"@id\":\"https:\\\/\\\/becolve.com\\\/pt-pt\\\/blog\\\/por-que-o-iiot-agora\\\/#primaryimage\",\"url\":\"https:\\\/\\\/becolve.com\\\/wp-content\\\/uploads\\\/2023\\\/04\\\/comunicaciones.jpg\",\"contentUrl\":\"https:\\\/\\\/becolve.com\\\/wp-content\\\/uploads\\\/2023\\\/04\\\/comunicaciones.jpg\",\"width\":1080,\"height\":350},{\"@type\":\"BreadcrumbList\",\"@id\":\"https:\\\/\\\/becolve.com\\\/pt-pt\\\/blog\\\/por-que-o-iiot-agora\\\/#breadcrumb\",\"itemListElement\":[{\"@type\":\"ListItem\",\"position\":1,\"name\":\"Home\",\"item\":\"https:\\\/\\\/becolve.com\\\/pt-pt\\\/\"},{\"@type\":\"ListItem\",\"position\":2,\"name\":\"Blog Items\",\"item\":\"https:\\\/\\\/becolve.com\\\/pt-pt\\\/blog\\\/\"},{\"@type\":\"ListItem\",\"position\":3,\"name\":\"Por que o IIoT agora?\"}]},{\"@type\":\"WebSite\",\"@id\":\"https:\\\/\\\/becolve.com\\\/pt-pt\\\/#website\",\"url\":\"https:\\\/\\\/becolve.com\\\/pt-pt\\\/\",\"name\":\"Becolve Digital\",\"description\":\"Impulsamos la transformaci\u00f3n digital en la industria e infraestructuras\",\"publisher\":{\"@id\":\"https:\\\/\\\/becolve.com\\\/pt-pt\\\/#organization\"},\"potentialAction\":[{\"@type\":\"SearchAction\",\"target\":{\"@type\":\"EntryPoint\",\"urlTemplate\":\"https:\\\/\\\/becolve.com\\\/pt-pt\\\/?s={search_term_string}\"},\"query-input\":{\"@type\":\"PropertyValueSpecification\",\"valueRequired\":true,\"valueName\":\"search_term_string\"}}],\"inLanguage\":\"pt-PT\"},{\"@type\":\"Organization\",\"@id\":\"https:\\\/\\\/becolve.com\\\/pt-pt\\\/#organization\",\"name\":\"Becolve Digital\",\"url\":\"https:\\\/\\\/becolve.com\\\/pt-pt\\\/\",\"logo\":{\"@type\":\"ImageObject\",\"inLanguage\":\"pt-PT\",\"@id\":\"https:\\\/\\\/becolve.com\\\/pt-pt\\\/#\\\/schema\\\/logo\\\/image\\\/\",\"url\":\"https:\\\/\\\/becolve.com\\\/wp-content\\\/uploads\\\/2023\\\/04\\\/becolve-logo-h-black_200.png\",\"contentUrl\":\"https:\\\/\\\/becolve.com\\\/wp-content\\\/uploads\\\/2023\\\/04\\\/becolve-logo-h-black_200.png\",\"width\":200,\"height\":64,\"caption\":\"Becolve Digital\"},\"image\":{\"@id\":\"https:\\\/\\\/becolve.com\\\/pt-pt\\\/#\\\/schema\\\/logo\\\/image\\\/\"},\"sameAs\":[\"https:\\\/\\\/x.com\\\/Logitek_es\",\"https:\\\/\\\/www.linkedin.com\\\/company\\\/becolve-digital\\\/\"]}]}<\/script>\n<!-- \/ Yoast SEO plugin. -->","yoast_head_json":{"title":"Por que o IIoT agora?","description":"Os novos paradigmas de comunica\u00e7\u00e3o surgiram apostando na conetividade. As novas tecnologias dever\u00e3o coexistir com as redes existentes","robots":{"index":"index","follow":"follow","max-snippet":"max-snippet:-1","max-image-preview":"max-image-preview:large","max-video-preview":"max-video-preview:-1"},"canonical":"https:\/\/becolve.com\/pt-pt\/blog\/por-que-o-iiot-agora\/","og_locale":"pt_PT","og_type":"article","og_title":"Por que o IIoT agora?","og_description":"Os novos paradigmas de comunica\u00e7\u00e3o surgiram apostando na conetividade. As novas tecnologias dever\u00e3o coexistir com as redes existentes","og_url":"https:\/\/becolve.com\/pt-pt\/blog\/por-que-o-iiot-agora\/","og_site_name":"Becolve Digital","og_image":[{"width":1080,"height":350,"url":"https:\/\/becolve.com\/wp-content\/uploads\/2023\/04\/comunicaciones.jpg","type":"image\/jpeg"}],"twitter_card":"summary_large_image","twitter_site":"@Logitek_es","twitter_misc":{"Tempo estimado de leitura":"4 minutos","Written by":"Becolve Digital"},"schema":{"@context":"https:\/\/schema.org","@graph":[{"@type":"WebPage","@id":"https:\/\/becolve.com\/pt-pt\/blog\/por-que-o-iiot-agora\/","url":"https:\/\/becolve.com\/pt-pt\/blog\/por-que-o-iiot-agora\/","name":"Por que o IIoT agora?","isPartOf":{"@id":"https:\/\/becolve.com\/pt-pt\/#website"},"primaryImageOfPage":{"@id":"https:\/\/becolve.com\/pt-pt\/blog\/por-que-o-iiot-agora\/#primaryimage"},"image":{"@id":"https:\/\/becolve.com\/pt-pt\/blog\/por-que-o-iiot-agora\/#primaryimage"},"thumbnailUrl":"https:\/\/becolve.com\/wp-content\/uploads\/2023\/04\/comunicaciones.jpg","datePublished":"2025-09-17T18:20:13+00:00","description":"Os novos paradigmas de comunica\u00e7\u00e3o surgiram apostando na conetividade. As novas tecnologias dever\u00e3o coexistir com as redes existentes","breadcrumb":{"@id":"https:\/\/becolve.com\/pt-pt\/blog\/por-que-o-iiot-agora\/#breadcrumb"},"inLanguage":"pt-PT","potentialAction":[{"@type":"ReadAction","target":["https:\/\/becolve.com\/pt-pt\/blog\/por-que-o-iiot-agora\/"]}]},{"@type":"ImageObject","inLanguage":"pt-PT","@id":"https:\/\/becolve.com\/pt-pt\/blog\/por-que-o-iiot-agora\/#primaryimage","url":"https:\/\/becolve.com\/wp-content\/uploads\/2023\/04\/comunicaciones.jpg","contentUrl":"https:\/\/becolve.com\/wp-content\/uploads\/2023\/04\/comunicaciones.jpg","width":1080,"height":350},{"@type":"BreadcrumbList","@id":"https:\/\/becolve.com\/pt-pt\/blog\/por-que-o-iiot-agora\/#breadcrumb","itemListElement":[{"@type":"ListItem","position":1,"name":"Home","item":"https:\/\/becolve.com\/pt-pt\/"},{"@type":"ListItem","position":2,"name":"Blog Items","item":"https:\/\/becolve.com\/pt-pt\/blog\/"},{"@type":"ListItem","position":3,"name":"Por que o IIoT agora?"}]},{"@type":"WebSite","@id":"https:\/\/becolve.com\/pt-pt\/#website","url":"https:\/\/becolve.com\/pt-pt\/","name":"Becolve Digital","description":"Impulsamos la transformaci\u00f3n digital en la industria e infraestructuras","publisher":{"@id":"https:\/\/becolve.com\/pt-pt\/#organization"},"potentialAction":[{"@type":"SearchAction","target":{"@type":"EntryPoint","urlTemplate":"https:\/\/becolve.com\/pt-pt\/?s={search_term_string}"},"query-input":{"@type":"PropertyValueSpecification","valueRequired":true,"valueName":"search_term_string"}}],"inLanguage":"pt-PT"},{"@type":"Organization","@id":"https:\/\/becolve.com\/pt-pt\/#organization","name":"Becolve Digital","url":"https:\/\/becolve.com\/pt-pt\/","logo":{"@type":"ImageObject","inLanguage":"pt-PT","@id":"https:\/\/becolve.com\/pt-pt\/#\/schema\/logo\/image\/","url":"https:\/\/becolve.com\/wp-content\/uploads\/2023\/04\/becolve-logo-h-black_200.png","contentUrl":"https:\/\/becolve.com\/wp-content\/uploads\/2023\/04\/becolve-logo-h-black_200.png","width":200,"height":64,"caption":"Becolve Digital"},"image":{"@id":"https:\/\/becolve.com\/pt-pt\/#\/schema\/logo\/image\/"},"sameAs":["https:\/\/x.com\/Logitek_es","https:\/\/www.linkedin.com\/company\/becolve-digital\/"]}]}},"_links":{"self":[{"href":"https:\/\/becolve.com\/pt-pt\/wp-json\/wp\/v2\/blog\/49241","targetHints":{"allow":["GET"]}}],"collection":[{"href":"https:\/\/becolve.com\/pt-pt\/wp-json\/wp\/v2\/blog"}],"about":[{"href":"https:\/\/becolve.com\/pt-pt\/wp-json\/wp\/v2\/types\/blog"}],"author":[{"embeddable":true,"href":"https:\/\/becolve.com\/pt-pt\/wp-json\/wp\/v2\/users\/31"}],"version-history":[{"count":0,"href":"https:\/\/becolve.com\/pt-pt\/wp-json\/wp\/v2\/blog\/49241\/revisions"}],"wp:featuredmedia":[{"embeddable":true,"href":"https:\/\/becolve.com\/pt-pt\/wp-json\/wp\/v2\/media\/49244"}],"wp:attachment":[{"href":"https:\/\/becolve.com\/pt-pt\/wp-json\/wp\/v2\/media?parent=49241"}],"wp:term":[{"taxonomy":"category","embeddable":true,"href":"https:\/\/becolve.com\/pt-pt\/wp-json\/wp\/v2\/categories?post=49241"},{"taxonomy":"post_tag","embeddable":true,"href":"https:\/\/becolve.com\/pt-pt\/wp-json\/wp\/v2\/tags?post=49241"},{"taxonomy":"arquitectura","embeddable":true,"href":"https:\/\/becolve.com\/pt-pt\/wp-json\/wp\/v2\/arquitectura?post=49241"},{"taxonomy":"area","embeddable":true,"href":"https:\/\/becolve.com\/pt-pt\/wp-json\/wp\/v2\/area?post=49241"},{"taxonomy":"sector","embeddable":true,"href":"https:\/\/becolve.com\/pt-pt\/wp-json\/wp\/v2\/sector?post=49241"},{"taxonomy":"experto","embeddable":true,"href":"https:\/\/becolve.com\/pt-pt\/wp-json\/wp\/v2\/experto?post=49241"},{"taxonomy":"weborigen","embeddable":true,"href":"https:\/\/becolve.com\/pt-pt\/wp-json\/wp\/v2\/weborigen?post=49241"},{"taxonomy":"productos-tax","embeddable":true,"href":"https:\/\/becolve.com\/pt-pt\/wp-json\/wp\/v2\/productos-tax?post=49241"},{"taxonomy":"soluciones-tax","embeddable":true,"href":"https:\/\/becolve.com\/pt-pt\/wp-json\/wp\/v2\/soluciones-tax?post=49241"},{"taxonomy":"marcas-tax","embeddable":true,"href":"https:\/\/becolve.com\/pt-pt\/wp-json\/wp\/v2\/marcas-tax?post=49241"},{"taxonomy":"author","embeddable":true,"href":"https:\/\/becolve.com\/pt-pt\/wp-json\/wp\/v2\/coauthors?post=49241"}],"curies":[{"name":"wp","href":"https:\/\/api.w.org\/{rel}","templated":true}]}}