{"id":49557,"date":"2025-09-17T18:25:46","date_gmt":"2025-09-17T18:25:46","guid":{"rendered":"https:\/\/becolve.com\/blog\/a-internet-das-pessoas\/"},"modified":"2025-09-17T18:25:46","modified_gmt":"2025-09-17T18:25:46","slug":"a-internet-das-pessoas","status":"publish","type":"blog","link":"https:\/\/becolve.com\/pt-pt\/blog\/a-internet-das-pessoas\/","title":{"rendered":"A Internet das Pessoas"},"content":{"rendered":"<p><a href=\"https:\/\/becolve.com\/wp-content\/uploads\/2023\/04\/internet-de-las-cosas-smart-city.jpg\"><img loading=\"lazy\" decoding=\"async\" class=\"alignnone size-full wp-image-321\" alt=\"A Internet das Coisas e a Smart City\" src=\"https:\/\/becolve.com\/wp-content\/uploads\/2023\/04\/internet-de-las-cosas-smart-city.jpg\" width=\"640\" height=\"280\"><\/a><\/p>\n<p>Big Data, Internet das Coisas, Open Data, M2M, SmartCities\u2026 todos estes s\u00e3o conceitos dos quais se fala diariamente longamente e detalhadamente. S\u00e3o \u00e1reas, ideias, paradigmas que se sobrep\u00f5em, apoiam, necessitam para se explicarem e para fazerem sentido. <!--more--><br \/>\nA <strong>SmartCity nutre-se da Internet das Coisas<\/strong>, do M2M, do Open Data. O Open Data de M2M, Big Data e serve a SmartCity. O Big Data deveria ser na sua maior parte Open Data, j\u00e1 que procuramos em maior ou menor medida, o Open Government (v\u00e1, outro conceito) e, al\u00e9m disso, tamb\u00e9m recolhe dados da Internet das Coisas.  <\/p>\n<p>A Internet das Coisas\u2026 Este \u00e9 o conceito que provavelmente provocar\u00e1 <strong>a maior revolu\u00e7\u00e3o desde o aparecimento do sistema bin\u00e1rio<\/strong> e dos computadores. A tecnologia que dar\u00e1 uma nova dimens\u00e3o e um desenvolvimento infinito a todos os outros conceitos (o Big Data passar\u00e1 a chamar-se Big2Data?) <\/p>\n<p>O IPv6 j\u00e1 o temos aqui h\u00e1 algum tempo e pode dar nome \u00fanico a qualquer objeto, exatamente a 340.282.366.920.938.463.463.374.607.431.768.211.456. J\u00e1, j\u00e1, isto \u00e9 o \u201cf\u00e1cil\u201d? Mas tamb\u00e9m o imprescind\u00edvel! Recorde-se que nomear \u00e9 dar uma identidade (nada mais e nada menos) e, portanto, gerar uma nova fonte de informa\u00e7\u00e3o da qual tamb\u00e9m conhecemos a origem.   <\/p>\n<p>Ent\u00e3o, <strong>onde est\u00e1 o problema<\/strong>? Por que \u00e9 que ainda n\u00e3o se produziu essa nova revolu\u00e7\u00e3o digital? Pouco a pouco. As revolu\u00e7\u00f5es s\u00e3o r\u00e1pidas, mas o caminho at\u00e9 que se deem as condi\u00e7\u00f5es necess\u00e1rias para que se desencadeiem pode ser lento, muito lento.   <\/p>\n<p><i style=\"font-size: 20px; line-height: 1.3;\"><span> Em que ponto estamos do caminho \u00e9 algo que j\u00e1 sabemos, o momento do desencadeante \u00e9 algo que s\u00f3 intu\u00edmos. <\/span><\/i><\/p>\n<p>Um dos pontos cr\u00edticos \u00e9 dotar a Internet das Coisas de um sistema eficiente quanto ao abastecimento de energia dos sensores e antenas. \u00c9 todo um problema a alimenta\u00e7\u00e3o energ\u00e9tica de cada um dos sensores e o n\u00famero de repetidores necess\u00e1rios para cobrir toda uma \u00e1rea, que, no fim de contas, \u00e9 toda a superf\u00edcie existente. Se os sensores se alimentam com baterias tradicionais num ambiente n\u00e3o adaptado ao novo conceito de Internet de \u201ctodas as coisas\u201d, \u00e9 preciso mudar essas baterias com uma alta frequ\u00eancia e, portanto, n\u00e3o seria um sistema escal\u00e1vel. Imaginem o ex\u00e9rcito de oper\u00e1rios necess\u00e1rios s\u00f3 para esta tarefa. O mais prov\u00e1vel \u00e9 que metade dos sensores acabassem desabastecidos, quer por problemas de m\u00e3o de obra, por imprecis\u00f5es na organiza\u00e7\u00e3o, por cortes de or\u00e7amento\u2026 recordemos que o sensor \u00e9 a base do sistema, o que d\u00e1 nome ao objeto, o que emite a informa\u00e7\u00e3o.    <\/p>\n<p>Mas isto tamb\u00e9m n\u00e3o \u00e9 um problema, <a title=\"A Smart City e a Internet das Coisas\" href=\"http:\/\/www.creatingsmartcities.es\/blog\/smart-city-y-el-internet-de-las-cosas\/\" target=\"_blank\" rel=\"noopener\">n\u00f3s temos uma solu\u00e7\u00e3o!<\/a> A resolu\u00e7\u00e3o de problemas t\u00e9cnicos, a maioria das vezes, \u00e9 quantific\u00e1vel em tempo e em or\u00e7amento, duas vari\u00e1veis que se influenciam mutuamente de forma inversa. Ent\u00e3o, o que falta para o t\u00e3o esperado desencadeante? No passado dia 10 de junho, celebrou-se em Madrid a primeira edi\u00e7\u00e3o do startup4Cities. Este foi o seu \u201cClaim\u201d, o qual podem ler ainda na sua p\u00e1gina Web:   <\/p>\n<blockquote><p><i>&#8220;Se desenvolveu uma ideia inovadora para melhorar a sua cidade e gostaria de experiment\u00e1-la num cen\u00e1rio real, esta \u00e9 a sua oportunidade. Representantes de mais de 50 munic\u00edpios espanh\u00f3is ouvir\u00e3o a sua proposta, avali\u00e1-la-\u00e3o e, se se interessarem por ela, oferecer-lhe-\u00e3o as suas cidades como laborat\u00f3rio urbano. H\u00e1 um pr\u00e9mio melhor?   <b>PARTICIPE!&#8221;<\/b><\/i><\/p><\/blockquote>\n<p>N\u00e3o \u00e9 toda uma declara\u00e7\u00e3o de inten\u00e7\u00f5es? \u201cPARTICIPE!\u201d, diz ao finalizar, \u201c<strong>n\u00f3s pomos a cidade como laborat\u00f3rio<\/strong>\u201d. Cada vez mais se recorre mais ao conceito de <strong><i>startup<\/i><\/strong>, entendido tal qual se entende em Sillicon Valley: m\u00e9todo lean, produtos m\u00ednimos vi\u00e1veis, ideias frescas de equipas com iniciativa, sacrif\u00edcio, talento e muita paix\u00e3o. \u00c9 nos projetos de pessoas como as que se apresentaram a este evento onde se h\u00e1 de dar o desencadeante da nova revolu\u00e7\u00e3o digital da Internet das Coisas. Pode ser que n\u00e3o o seja a partir de um s\u00f3 projeto, mas a soma deles tornar\u00e1 vis\u00edvel algo que ainda n\u00e3o o \u00e9. H\u00e1 que ter em conta que este tipo de projetos est\u00e3o focados diretamente em solucionar um problema concreto do cidad\u00e3o. Um problema que o cidad\u00e3o reconhece como seu em primeira pessoa e que, al\u00e9m disso, a solu\u00e7\u00e3o para esse problema se lhe apresenta, em geral, embalada numa estupenda e gratuita App muito gratificante e simples de usar desde o seu smartphone, <strong>a chave da sua SmartCity<\/strong>.      <\/p>\n<p>E \u00e9 que n\u00e3o h\u00e1 que esquecer que as pessoas s\u00e3o as que catalisam a mudan\u00e7a, por isso \u201cA Internet das Coisas\u201d ser\u00e1 \u201cA Internet das Pessoas\u201d<\/p>\n","protected":false},"excerpt":{"rendered":"<p>Big Data, Internet das Coisas, Open Data, M2M, SmartCities\u2026 todos estes s\u00e3o conceitos dos quais se fala diariamente longamente e detalhadamente. S\u00e3o \u00e1reas, ideias, paradigmas que se sobrep\u00f5em, apoiam, necessitam para se explicarem e para fazerem sentido.<\/p>\n","protected":false},"author":31,"featured_media":48980,"menu_order":0,"template":"","categories":[964],"tags":[],"arquitectura":[1844],"area":[186],"sector":[199],"experto":[207],"weborigen":[180],"productos-tax":[97],"soluciones-tax":[217],"marcas-tax":[],"coauthors":[],"class_list":["post-49557","blog","type-blog","status-publish","has-post-thumbnail","hentry","category-eficiencia-operacional","arquitectura-gestao-de-operacoes","area-infraestruturas","sector-smart-city-pt-pt","experto-transformacao-industrial-digital","weborigen-creatingsmartcities_blog-es","productos-tax-gisize","soluciones-tax-gisize-pt-pt"],"acf":[],"yoast_head":"<!-- This site is optimized with the Yoast SEO plugin v28.3 - https:\/\/yoast.com\/product\/yoast-seo-wordpress\/ -->\n<title>A Internet das Pessoas | Becolve Digital<\/title>\n<meta name=\"description\" content=\"Ser\u00e1 que a Internet das Coisas \u00e9 a base da SmartCity? N\u00e3o. \u00c9 a base tecnol\u00f3gica da &quot;Internet das Pessoas&quot;. A base da cidade inteligente continua a ser o cidad\u00e3o.\" \/>\n<meta name=\"robots\" content=\"index, follow, max-snippet:-1, max-image-preview:large, max-video-preview:-1\" \/>\n<link rel=\"canonical\" href=\"https:\/\/becolve.com\/pt-pt\/blog\/a-internet-das-pessoas\/\" \/>\n<meta property=\"og:locale\" content=\"pt_PT\" \/>\n<meta property=\"og:type\" content=\"article\" \/>\n<meta property=\"og:title\" content=\"A Internet das Pessoas | Becolve Digital\" \/>\n<meta property=\"og:description\" content=\"Ser\u00e1 que a Internet das Coisas \u00e9 a base da SmartCity? N\u00e3o. \u00c9 a base tecnol\u00f3gica da &quot;Internet das Pessoas&quot;. A base da cidade inteligente continua a ser o cidad\u00e3o.\" \/>\n<meta property=\"og:url\" content=\"https:\/\/becolve.com\/pt-pt\/blog\/a-internet-das-pessoas\/\" \/>\n<meta property=\"og:site_name\" content=\"Becolve Digital\" \/>\n<meta property=\"og:image\" content=\"https:\/\/becolve.com\/wp-content\/uploads\/2023\/04\/internet-de-las-cosas-smart-city-1.jpg\" \/>\n\t<meta property=\"og:image:width\" content=\"640\" \/>\n\t<meta property=\"og:image:height\" content=\"280\" \/>\n\t<meta property=\"og:image:type\" content=\"image\/jpeg\" \/>\n<meta name=\"twitter:card\" content=\"summary_large_image\" \/>\n<meta name=\"twitter:site\" content=\"@Logitek_es\" \/>\n<meta name=\"twitter:label1\" content=\"Tempo estimado de leitura\" \/>\n\t<meta name=\"twitter:data1\" content=\"4 minutos\" \/>\n\t<meta name=\"twitter:label2\" content=\"Written by\" \/>\n\t<meta name=\"twitter:data2\" content=\"Becolve Digital\" \/>\n<script type=\"application\/ld+json\" class=\"yoast-schema-graph\">{\"@context\":\"https:\\\/\\\/schema.org\",\"@graph\":[{\"@type\":\"WebPage\",\"@id\":\"https:\\\/\\\/becolve.com\\\/pt-pt\\\/blog\\\/a-internet-das-pessoas\\\/\",\"url\":\"https:\\\/\\\/becolve.com\\\/pt-pt\\\/blog\\\/a-internet-das-pessoas\\\/\",\"name\":\"A Internet das Pessoas | Becolve Digital\",\"isPartOf\":{\"@id\":\"https:\\\/\\\/becolve.com\\\/pt-pt\\\/#website\"},\"primaryImageOfPage\":{\"@id\":\"https:\\\/\\\/becolve.com\\\/pt-pt\\\/blog\\\/a-internet-das-pessoas\\\/#primaryimage\"},\"image\":{\"@id\":\"https:\\\/\\\/becolve.com\\\/pt-pt\\\/blog\\\/a-internet-das-pessoas\\\/#primaryimage\"},\"thumbnailUrl\":\"https:\\\/\\\/becolve.com\\\/wp-content\\\/uploads\\\/2023\\\/04\\\/internet-de-las-cosas-smart-city-1.jpg\",\"datePublished\":\"2025-09-17T18:25:46+00:00\",\"description\":\"Ser\u00e1 que a Internet das Coisas \u00e9 a base da SmartCity? N\u00e3o. \u00c9 a base tecnol\u00f3gica da \\\"Internet das Pessoas\\\". A base da cidade inteligente continua a ser o cidad\u00e3o.\",\"breadcrumb\":{\"@id\":\"https:\\\/\\\/becolve.com\\\/pt-pt\\\/blog\\\/a-internet-das-pessoas\\\/#breadcrumb\"},\"inLanguage\":\"pt-PT\",\"potentialAction\":[{\"@type\":\"ReadAction\",\"target\":[\"https:\\\/\\\/becolve.com\\\/pt-pt\\\/blog\\\/a-internet-das-pessoas\\\/\"]}]},{\"@type\":\"ImageObject\",\"inLanguage\":\"pt-PT\",\"@id\":\"https:\\\/\\\/becolve.com\\\/pt-pt\\\/blog\\\/a-internet-das-pessoas\\\/#primaryimage\",\"url\":\"https:\\\/\\\/becolve.com\\\/wp-content\\\/uploads\\\/2023\\\/04\\\/internet-de-las-cosas-smart-city-1.jpg\",\"contentUrl\":\"https:\\\/\\\/becolve.com\\\/wp-content\\\/uploads\\\/2023\\\/04\\\/internet-de-las-cosas-smart-city-1.jpg\",\"width\":640,\"height\":280},{\"@type\":\"BreadcrumbList\",\"@id\":\"https:\\\/\\\/becolve.com\\\/pt-pt\\\/blog\\\/a-internet-das-pessoas\\\/#breadcrumb\",\"itemListElement\":[{\"@type\":\"ListItem\",\"position\":1,\"name\":\"Home\",\"item\":\"https:\\\/\\\/becolve.com\\\/pt-pt\\\/\"},{\"@type\":\"ListItem\",\"position\":2,\"name\":\"Blog Items\",\"item\":\"https:\\\/\\\/becolve.com\\\/pt-pt\\\/blog\\\/\"},{\"@type\":\"ListItem\",\"position\":3,\"name\":\"A Internet das Pessoas\"}]},{\"@type\":\"WebSite\",\"@id\":\"https:\\\/\\\/becolve.com\\\/pt-pt\\\/#website\",\"url\":\"https:\\\/\\\/becolve.com\\\/pt-pt\\\/\",\"name\":\"Becolve Digital\",\"description\":\"Impulsamos la transformaci\u00f3n digital en la industria e infraestructuras\",\"publisher\":{\"@id\":\"https:\\\/\\\/becolve.com\\\/pt-pt\\\/#organization\"},\"potentialAction\":[{\"@type\":\"SearchAction\",\"target\":{\"@type\":\"EntryPoint\",\"urlTemplate\":\"https:\\\/\\\/becolve.com\\\/pt-pt\\\/?s={search_term_string}\"},\"query-input\":{\"@type\":\"PropertyValueSpecification\",\"valueRequired\":true,\"valueName\":\"search_term_string\"}}],\"inLanguage\":\"pt-PT\"},{\"@type\":\"Organization\",\"@id\":\"https:\\\/\\\/becolve.com\\\/pt-pt\\\/#organization\",\"name\":\"Becolve Digital\",\"url\":\"https:\\\/\\\/becolve.com\\\/pt-pt\\\/\",\"logo\":{\"@type\":\"ImageObject\",\"inLanguage\":\"pt-PT\",\"@id\":\"https:\\\/\\\/becolve.com\\\/pt-pt\\\/#\\\/schema\\\/logo\\\/image\\\/\",\"url\":\"https:\\\/\\\/becolve.com\\\/wp-content\\\/uploads\\\/2023\\\/04\\\/becolve-logo-h-black_200.png\",\"contentUrl\":\"https:\\\/\\\/becolve.com\\\/wp-content\\\/uploads\\\/2023\\\/04\\\/becolve-logo-h-black_200.png\",\"width\":200,\"height\":64,\"caption\":\"Becolve Digital\"},\"image\":{\"@id\":\"https:\\\/\\\/becolve.com\\\/pt-pt\\\/#\\\/schema\\\/logo\\\/image\\\/\"},\"sameAs\":[\"https:\\\/\\\/x.com\\\/Logitek_es\",\"https:\\\/\\\/www.linkedin.com\\\/company\\\/becolve-digital\\\/\"]}]}<\/script>\n<!-- \/ Yoast SEO plugin. -->","yoast_head_json":{"title":"A Internet das Pessoas | Becolve Digital","description":"Ser\u00e1 que a Internet das Coisas \u00e9 a base da SmartCity? N\u00e3o. \u00c9 a base tecnol\u00f3gica da \"Internet das Pessoas\". A base da cidade inteligente continua a ser o cidad\u00e3o.","robots":{"index":"index","follow":"follow","max-snippet":"max-snippet:-1","max-image-preview":"max-image-preview:large","max-video-preview":"max-video-preview:-1"},"canonical":"https:\/\/becolve.com\/pt-pt\/blog\/a-internet-das-pessoas\/","og_locale":"pt_PT","og_type":"article","og_title":"A Internet das Pessoas | Becolve Digital","og_description":"Ser\u00e1 que a Internet das Coisas \u00e9 a base da SmartCity? N\u00e3o. \u00c9 a base tecnol\u00f3gica da \"Internet das Pessoas\". A base da cidade inteligente continua a ser o cidad\u00e3o.","og_url":"https:\/\/becolve.com\/pt-pt\/blog\/a-internet-das-pessoas\/","og_site_name":"Becolve Digital","og_image":[{"width":640,"height":280,"url":"https:\/\/becolve.com\/wp-content\/uploads\/2023\/04\/internet-de-las-cosas-smart-city-1.jpg","type":"image\/jpeg"}],"twitter_card":"summary_large_image","twitter_site":"@Logitek_es","twitter_misc":{"Tempo estimado de leitura":"4 minutos","Written by":"Becolve Digital"},"schema":{"@context":"https:\/\/schema.org","@graph":[{"@type":"WebPage","@id":"https:\/\/becolve.com\/pt-pt\/blog\/a-internet-das-pessoas\/","url":"https:\/\/becolve.com\/pt-pt\/blog\/a-internet-das-pessoas\/","name":"A Internet das Pessoas | Becolve Digital","isPartOf":{"@id":"https:\/\/becolve.com\/pt-pt\/#website"},"primaryImageOfPage":{"@id":"https:\/\/becolve.com\/pt-pt\/blog\/a-internet-das-pessoas\/#primaryimage"},"image":{"@id":"https:\/\/becolve.com\/pt-pt\/blog\/a-internet-das-pessoas\/#primaryimage"},"thumbnailUrl":"https:\/\/becolve.com\/wp-content\/uploads\/2023\/04\/internet-de-las-cosas-smart-city-1.jpg","datePublished":"2025-09-17T18:25:46+00:00","description":"Ser\u00e1 que a Internet das Coisas \u00e9 a base da SmartCity? N\u00e3o. \u00c9 a base tecnol\u00f3gica da \"Internet das Pessoas\". A base da cidade inteligente continua a ser o cidad\u00e3o.","breadcrumb":{"@id":"https:\/\/becolve.com\/pt-pt\/blog\/a-internet-das-pessoas\/#breadcrumb"},"inLanguage":"pt-PT","potentialAction":[{"@type":"ReadAction","target":["https:\/\/becolve.com\/pt-pt\/blog\/a-internet-das-pessoas\/"]}]},{"@type":"ImageObject","inLanguage":"pt-PT","@id":"https:\/\/becolve.com\/pt-pt\/blog\/a-internet-das-pessoas\/#primaryimage","url":"https:\/\/becolve.com\/wp-content\/uploads\/2023\/04\/internet-de-las-cosas-smart-city-1.jpg","contentUrl":"https:\/\/becolve.com\/wp-content\/uploads\/2023\/04\/internet-de-las-cosas-smart-city-1.jpg","width":640,"height":280},{"@type":"BreadcrumbList","@id":"https:\/\/becolve.com\/pt-pt\/blog\/a-internet-das-pessoas\/#breadcrumb","itemListElement":[{"@type":"ListItem","position":1,"name":"Home","item":"https:\/\/becolve.com\/pt-pt\/"},{"@type":"ListItem","position":2,"name":"Blog Items","item":"https:\/\/becolve.com\/pt-pt\/blog\/"},{"@type":"ListItem","position":3,"name":"A Internet das Pessoas"}]},{"@type":"WebSite","@id":"https:\/\/becolve.com\/pt-pt\/#website","url":"https:\/\/becolve.com\/pt-pt\/","name":"Becolve Digital","description":"Impulsamos la transformaci\u00f3n digital en la industria e infraestructuras","publisher":{"@id":"https:\/\/becolve.com\/pt-pt\/#organization"},"potentialAction":[{"@type":"SearchAction","target":{"@type":"EntryPoint","urlTemplate":"https:\/\/becolve.com\/pt-pt\/?s={search_term_string}"},"query-input":{"@type":"PropertyValueSpecification","valueRequired":true,"valueName":"search_term_string"}}],"inLanguage":"pt-PT"},{"@type":"Organization","@id":"https:\/\/becolve.com\/pt-pt\/#organization","name":"Becolve Digital","url":"https:\/\/becolve.com\/pt-pt\/","logo":{"@type":"ImageObject","inLanguage":"pt-PT","@id":"https:\/\/becolve.com\/pt-pt\/#\/schema\/logo\/image\/","url":"https:\/\/becolve.com\/wp-content\/uploads\/2023\/04\/becolve-logo-h-black_200.png","contentUrl":"https:\/\/becolve.com\/wp-content\/uploads\/2023\/04\/becolve-logo-h-black_200.png","width":200,"height":64,"caption":"Becolve Digital"},"image":{"@id":"https:\/\/becolve.com\/pt-pt\/#\/schema\/logo\/image\/"},"sameAs":["https:\/\/x.com\/Logitek_es","https:\/\/www.linkedin.com\/company\/becolve-digital\/"]}]}},"_links":{"self":[{"href":"https:\/\/becolve.com\/pt-pt\/wp-json\/wp\/v2\/blog\/49557","targetHints":{"allow":["GET"]}}],"collection":[{"href":"https:\/\/becolve.com\/pt-pt\/wp-json\/wp\/v2\/blog"}],"about":[{"href":"https:\/\/becolve.com\/pt-pt\/wp-json\/wp\/v2\/types\/blog"}],"author":[{"embeddable":true,"href":"https:\/\/becolve.com\/pt-pt\/wp-json\/wp\/v2\/users\/31"}],"version-history":[{"count":0,"href":"https:\/\/becolve.com\/pt-pt\/wp-json\/wp\/v2\/blog\/49557\/revisions"}],"wp:attachment":[{"href":"https:\/\/becolve.com\/pt-pt\/wp-json\/wp\/v2\/media?parent=49557"}],"wp:term":[{"taxonomy":"category","embeddable":true,"href":"https:\/\/becolve.com\/pt-pt\/wp-json\/wp\/v2\/categories?post=49557"},{"taxonomy":"post_tag","embeddable":true,"href":"https:\/\/becolve.com\/pt-pt\/wp-json\/wp\/v2\/tags?post=49557"},{"taxonomy":"arquitectura","embeddable":true,"href":"https:\/\/becolve.com\/pt-pt\/wp-json\/wp\/v2\/arquitectura?post=49557"},{"taxonomy":"area","embeddable":true,"href":"https:\/\/becolve.com\/pt-pt\/wp-json\/wp\/v2\/area?post=49557"},{"taxonomy":"sector","embeddable":true,"href":"https:\/\/becolve.com\/pt-pt\/wp-json\/wp\/v2\/sector?post=49557"},{"taxonomy":"experto","embeddable":true,"href":"https:\/\/becolve.com\/pt-pt\/wp-json\/wp\/v2\/experto?post=49557"},{"taxonomy":"weborigen","embeddable":true,"href":"https:\/\/becolve.com\/pt-pt\/wp-json\/wp\/v2\/weborigen?post=49557"},{"taxonomy":"productos-tax","embeddable":true,"href":"https:\/\/becolve.com\/pt-pt\/wp-json\/wp\/v2\/productos-tax?post=49557"},{"taxonomy":"soluciones-tax","embeddable":true,"href":"https:\/\/becolve.com\/pt-pt\/wp-json\/wp\/v2\/soluciones-tax?post=49557"},{"taxonomy":"marcas-tax","embeddable":true,"href":"https:\/\/becolve.com\/pt-pt\/wp-json\/wp\/v2\/marcas-tax?post=49557"},{"taxonomy":"author","embeddable":true,"href":"https:\/\/becolve.com\/pt-pt\/wp-json\/wp\/v2\/coauthors?post=49557"}],"curies":[{"name":"wp","href":"https:\/\/api.w.org\/{rel}","templated":true}]}}